{"id":159621,"date":"2020-03-23T07:15:43","date_gmt":"2020-03-23T10:15:43","guid":{"rendered":"http:\/\/www.caririemacao.com\/1\/?p=159621"},"modified":"2020-03-23T07:21:45","modified_gmt":"2020-03-23T10:21:45","slug":"prefeitura-de-monteiro-inicia-vacinacao-contra-a-gripe-para-grupo-de-risco-nesta-segunda","status":"publish","type":"post","link":"https:\/\/www.caririemacao.com\/1\/2020\/03\/23\/prefeitura-de-monteiro-inicia-vacinacao-contra-a-gripe-para-grupo-de-risco-nesta-segunda\/","title":{"rendered":"Prefeitura de Monteiro inicia vacina\u00e7\u00e3o contra a gripe para grupo de risco nesta segunda"},"content":{"rendered":"\n<p><\/p>\n\n\n\n<p>A Prefeitura de Monteiro, por meio da Secretaria de Sa\u00fade e Vigil\u00e2ncia em Sa\u00fade, d\u00e1 in\u00edcio nesta segunda-feira, 23, a &nbsp;vacina\u00e7\u00e3o contra o v\u00edrus da gripe.<\/p>\n\n\n\n<p><br>Primeiramente ser\u00e3o vacinados os idosos e trabalhadores da sa\u00fade. A secret\u00e1ria de sa\u00fade, Paula Oliveira, informa que todas as vacinas ser\u00e3o aplicadas em domic\u00edlio atrav\u00e9s dos agentes de sa\u00fade.<\/p>\n\n\n\n<p>A inova\u00e7\u00e3o na vacina\u00e7\u00e3o este ano se faz necess\u00e1rio como medida de precau\u00e7\u00e3o contra aglomera\u00e7\u00f5es, que favorecem o cont\u00e1gio da gripe. \u201cNeste ano temos esta diferencia\u00e7\u00e3o no servi\u00e7o como medida de precau\u00e7\u00e3o contra o coronav\u00edrus. <\/p>\n\n\n\n<p>Pedimos a toda popula\u00e7\u00e3o que n\u00e3o procurem os PSFs, pois, a equipe de agentes de sa\u00fade se deslocar\u00e3o a todas as casas. Continuem em quarentena e cuidem dos nossos idosos\u201d, recomenda a secret\u00e1ria da pasta.As equipes de Agentes de Sa\u00fade visitar\u00e3o as resid\u00eancias tanto na zona urbana quanto rural e acontecer\u00e1 durante toda a semana.<\/p>\n\n\n\n<p><br><strong>Utilidade P\u00fablica<br><\/strong>Para a popula\u00e7\u00e3o que tenha qualquer d\u00favida a cerca dos sintomas do Covid-19, est\u00e3o dispon\u00edveis os n\u00fameros: 136 (Disque Sa\u00fade) e 83.99146-9790 (Plant\u00e3o tira-d\u00favidas 24h) e Vigil\u00e2ncia em Sa\u00fade 996148796 \u2013 998013833.<\/p>\n","protected":false},"excerpt":{"rendered":"<p>A Prefeitura de Monteiro, por meio da Secretaria de Sa\u00fade e Vigil\u00e2ncia em Sa\u00fade, d\u00e1 in\u00edcio nesta segunda-feira, 23, a &nbsp;vacina\u00e7\u00e3o contra o v\u00edrus da&hellip; <\/p>\n","protected":false},"author":2,"featured_media":159172,"comment_status":"closed","ping_status":"closed","sticky":false,"template":"","format":"standard","meta":{"sfsi_plus_gutenberg_text_before_share":"","sfsi_plus_gutenberg_show_text_before_share":"","sfsi_plus_gutenberg_icon_type":"","sfsi_plus_gutenberg_icon_alignemt":"","sfsi_plus_gutenburg_max_per_row":"","footnotes":""},"categories":[16],"tags":[],"class_list":["post-159621","post","type-post","status-publish","format-standard","has-post-thumbnail","hentry","category-saude"],"_links":{"self":[{"href":"https:\/\/www.caririemacao.com\/1\/wp-json\/wp\/v2\/posts\/159621","targetHints":{"allow":["GET"]}}],"collection":[{"href":"https:\/\/www.caririemacao.com\/1\/wp-json\/wp\/v2\/posts"}],"about":[{"href":"https:\/\/www.caririemacao.com\/1\/wp-json\/wp\/v2\/types\/post"}],"author":[{"embeddable":true,"href":"https:\/\/www.caririemacao.com\/1\/wp-json\/wp\/v2\/users\/2"}],"replies":[{"embeddable":true,"href":"https:\/\/www.caririemacao.com\/1\/wp-json\/wp\/v2\/comments?post=159621"}],"version-history":[{"count":3,"href":"https:\/\/www.caririemacao.com\/1\/wp-json\/wp\/v2\/posts\/159621\/revisions"}],"predecessor-version":[{"id":159629,"href":"https:\/\/www.caririemacao.com\/1\/wp-json\/wp\/v2\/posts\/159621\/revisions\/159629"}],"wp:featuredmedia":[{"embeddable":true,"href":"https:\/\/www.caririemacao.com\/1\/wp-json\/wp\/v2\/media\/159172"}],"wp:attachment":[{"href":"https:\/\/www.caririemacao.com\/1\/wp-json\/wp\/v2\/media?parent=159621"}],"wp:term":[{"taxonomy":"category","embeddable":true,"href":"https:\/\/www.caririemacao.com\/1\/wp-json\/wp\/v2\/categories?post=159621"},{"taxonomy":"post_tag","embeddable":true,"href":"https:\/\/www.caririemacao.com\/1\/wp-json\/wp\/v2\/tags?post=159621"}],"curies":[{"name":"wp","href":"https:\/\/api.w.org\/{rel}","templated":true}]}}