{"id":159632,"date":"2020-03-23T07:32:44","date_gmt":"2020-03-23T10:32:44","guid":{"rendered":"http:\/\/www.caririemacao.com\/1\/?p=159632"},"modified":"2020-03-23T07:32:46","modified_gmt":"2020-03-23T10:32:46","slug":"prefeitura-de-areial-inscreve-para-concurso-publico-ate-o-dia-2-de-abril","status":"publish","type":"post","link":"https:\/\/www.caririemacao.com\/1\/2020\/03\/23\/prefeitura-de-areial-inscreve-para-concurso-publico-ate-o-dia-2-de-abril\/","title":{"rendered":"Prefeitura de Areial inscreve para concurso p\u00fablico at\u00e9 o dia 2 de abril"},"content":{"rendered":"\n<p>A Prefeitura&nbsp;de Areial inscreve at\u00e9 o dia 2 de abril&nbsp;para o concurso p\u00fablico com 120 vagas&nbsp;nos&nbsp;n\u00edveis de escolaridade Fundamental, M\u00e9dio\/T\u00e9cnico, M\u00e9dio\/Magist\u00e9rio, Superior\/Magist\u00e9rio e Superior. Os sal\u00e1rios v\u00e3o de R$ 1.045 a R$ 2.602,31.<\/p>\n\n\n\n<p>As inscri\u00e7\u00f5es estar\u00e3o abertas entre as 10h do dia 2 de mar\u00e7o at\u00e9 as 23h59 do dia 2 de abril. Para se inscrever o candidato deve acessar<a href=\"https:\/\/cpcon.uepb.edu.br\/\">o site da CPCON<\/a>.<\/p>\n\n\n\n<p>As taxas de inscri\u00e7\u00e3o para os concursos s\u00e3o de R$ 65 (Fundamental), R$ 85 (M\u00e9dio\/T\u00e9cnico) e R$ 105 (Superior). O boleto banc\u00e1rio pode ser quitado at\u00e9 o dia 3 de abril.<\/p>\n\n\n\n<p>O candidato poder\u00e1 realizar mais de uma inscri\u00e7\u00e3o para cada concurso, desde que sejam para cargos de n\u00edveis diferentes e hor\u00e1rios de provas distintos. Para os candidatos com necessidades especiais ou aqueles que queiram solicitar isen\u00e7\u00e3o na taxa de inscri\u00e7\u00e3o, nos respectivos editais constam as informa\u00e7\u00f5es necess\u00e1rias para a solicita\u00e7\u00e3o. De acordo com a CPCON, a disponibiliza\u00e7\u00e3o do local, sala e carteira onde o candidato realizar\u00e1 a prova estar\u00e1 dispon\u00edvel no endere\u00e7o eletr\u00f4nico<a href=\"http:\/\/cpcon.uepb.edu.br\/\">http:\/\/cpcon.uepb.edu.br<\/a>&nbsp;a partir do dia 5 de maio.<\/p>\n\n\n\n<p>A realiza\u00e7\u00e3o da prova escrita objetiva dos concursos ser\u00e1 no dia 17 de maio e o resultado final est\u00e1 programado para ser divulgado em 22 de junho.&nbsp;<\/p>\n","protected":false},"excerpt":{"rendered":"<p>A Prefeitura&nbsp;de Areial inscreve at\u00e9 o dia 2 de abril&nbsp;para o concurso p\u00fablico com 120 vagas&nbsp;nos&nbsp;n\u00edveis de escolaridade Fundamental, M\u00e9dio\/T\u00e9cnico, M\u00e9dio\/Magist\u00e9rio, Superior\/Magist\u00e9rio e Superior. Os&hellip; <\/p>\n","protected":false},"author":2,"featured_media":75898,"comment_status":"closed","ping_status":"closed","sticky":false,"template":"","format":"standard","meta":{"sfsi_plus_gutenberg_text_before_share":"","sfsi_plus_gutenberg_show_text_before_share":"","sfsi_plus_gutenberg_icon_type":"","sfsi_plus_gutenberg_icon_alignemt":"","sfsi_plus_gutenburg_max_per_row":"","footnotes":""},"categories":[6],"tags":[],"class_list":["post-159632","post","type-post","status-publish","format-standard","has-post-thumbnail","hentry","category-cidades"],"_links":{"self":[{"href":"https:\/\/www.caririemacao.com\/1\/wp-json\/wp\/v2\/posts\/159632","targetHints":{"allow":["GET"]}}],"collection":[{"href":"https:\/\/www.caririemacao.com\/1\/wp-json\/wp\/v2\/posts"}],"about":[{"href":"https:\/\/www.caririemacao.com\/1\/wp-json\/wp\/v2\/types\/post"}],"author":[{"embeddable":true,"href":"https:\/\/www.caririemacao.com\/1\/wp-json\/wp\/v2\/users\/2"}],"replies":[{"embeddable":true,"href":"https:\/\/www.caririemacao.com\/1\/wp-json\/wp\/v2\/comments?post=159632"}],"version-history":[{"count":1,"href":"https:\/\/www.caririemacao.com\/1\/wp-json\/wp\/v2\/posts\/159632\/revisions"}],"predecessor-version":[{"id":159633,"href":"https:\/\/www.caririemacao.com\/1\/wp-json\/wp\/v2\/posts\/159632\/revisions\/159633"}],"wp:featuredmedia":[{"embeddable":true,"href":"https:\/\/www.caririemacao.com\/1\/wp-json\/wp\/v2\/media\/75898"}],"wp:attachment":[{"href":"https:\/\/www.caririemacao.com\/1\/wp-json\/wp\/v2\/media?parent=159632"}],"wp:term":[{"taxonomy":"category","embeddable":true,"href":"https:\/\/www.caririemacao.com\/1\/wp-json\/wp\/v2\/categories?post=159632"},{"taxonomy":"post_tag","embeddable":true,"href":"https:\/\/www.caririemacao.com\/1\/wp-json\/wp\/v2\/tags?post=159632"}],"curies":[{"name":"wp","href":"https:\/\/api.w.org\/{rel}","templated":true}]}}