{"id":159635,"date":"2020-03-23T07:33:45","date_gmt":"2020-03-23T10:33:45","guid":{"rendered":"http:\/\/www.caririemacao.com\/1\/?p=159635"},"modified":"2020-03-23T07:33:46","modified_gmt":"2020-03-23T10:33:46","slug":"bolsonaro-edita-mp-que-permite-suspensao-de-contrato-de-trabalho-por-4-meses-por-causa-do-covid-19","status":"publish","type":"post","link":"https:\/\/www.caririemacao.com\/1\/2020\/03\/23\/bolsonaro-edita-mp-que-permite-suspensao-de-contrato-de-trabalho-por-4-meses-por-causa-do-covid-19\/","title":{"rendered":"Bolsonaro edita MP que permite suspens\u00e3o de contrato de trabalho por 4 meses por causa do Covid-19"},"content":{"rendered":"\n<p>O presidente Jair Bolsonaro editou uma medida provis\u00f3ria, publicada em edi\u00e7\u00e3o extra do Di\u00e1rio Oficial da Uni\u00e3o na noite de domingo (22), que permite que contratos de trabalho sejam suspensos por at\u00e9 quatro meses durante o per\u00edodo de calamidade p\u00fablica. A medida \u00e9 parte do conjunto de a\u00e7\u00f5es do governo federal de combate aos efeitos econ\u00f4micos da pandemia do coronav\u00edrus.<\/p>\n\n\n\n<p>Como se trata de uma medida provis\u00f3ria, o texto passa a valer imediatamente, mas ainda precisa ser avalizado pelo Congresso no prazo de at\u00e9 120 dias para n\u00e3o perder a validade.<\/p>\n\n\n\n<p>Segundo o texto, a suspens\u00e3o deve ser feita para a participa\u00e7\u00e3o do trabalhador em curso ou programa de qualifica\u00e7\u00e3o profissional n\u00e3o presencial oferecido pelo empregador. O curso pode ser dado tamb\u00e9m pelo que a MP trata como &#8220;entidades respons\u00e1veis pela qualifica\u00e7\u00e3o&#8221;, sem especificar que tipo de entidade, com dura\u00e7\u00e3o equivalente \u00e0 suspens\u00e3o contratual.<\/p>\n\n\n\n<p>O texto tamb\u00e9m prev\u00ea que acordos individuai entre patr\u00f5es e empregados estar\u00e3o acima das leis trabalhistas ao longo do per\u00edodo de validade da MP, desde que n\u00e3o sejam descumprida a Constitui\u00e7\u00e3o Federal.<\/p>\n","protected":false},"excerpt":{"rendered":"<p>O presidente Jair Bolsonaro editou uma medida provis\u00f3ria, publicada em edi\u00e7\u00e3o extra do Di\u00e1rio Oficial da Uni\u00e3o na noite de domingo (22), que permite que&hellip; <\/p>\n","protected":false},"author":2,"featured_media":157235,"comment_status":"closed","ping_status":"closed","sticky":false,"template":"","format":"standard","meta":{"sfsi_plus_gutenberg_text_before_share":"","sfsi_plus_gutenberg_show_text_before_share":"","sfsi_plus_gutenberg_icon_type":"","sfsi_plus_gutenberg_icon_alignemt":"","sfsi_plus_gutenburg_max_per_row":"","footnotes":""},"categories":[11],"tags":[],"class_list":["post-159635","post","type-post","status-publish","format-standard","has-post-thumbnail","hentry","category-politica"],"_links":{"self":[{"href":"https:\/\/www.caririemacao.com\/1\/wp-json\/wp\/v2\/posts\/159635","targetHints":{"allow":["GET"]}}],"collection":[{"href":"https:\/\/www.caririemacao.com\/1\/wp-json\/wp\/v2\/posts"}],"about":[{"href":"https:\/\/www.caririemacao.com\/1\/wp-json\/wp\/v2\/types\/post"}],"author":[{"embeddable":true,"href":"https:\/\/www.caririemacao.com\/1\/wp-json\/wp\/v2\/users\/2"}],"replies":[{"embeddable":true,"href":"https:\/\/www.caririemacao.com\/1\/wp-json\/wp\/v2\/comments?post=159635"}],"version-history":[{"count":1,"href":"https:\/\/www.caririemacao.com\/1\/wp-json\/wp\/v2\/posts\/159635\/revisions"}],"predecessor-version":[{"id":159636,"href":"https:\/\/www.caririemacao.com\/1\/wp-json\/wp\/v2\/posts\/159635\/revisions\/159636"}],"wp:featuredmedia":[{"embeddable":true,"href":"https:\/\/www.caririemacao.com\/1\/wp-json\/wp\/v2\/media\/157235"}],"wp:attachment":[{"href":"https:\/\/www.caririemacao.com\/1\/wp-json\/wp\/v2\/media?parent=159635"}],"wp:term":[{"taxonomy":"category","embeddable":true,"href":"https:\/\/www.caririemacao.com\/1\/wp-json\/wp\/v2\/categories?post=159635"},{"taxonomy":"post_tag","embeddable":true,"href":"https:\/\/www.caririemacao.com\/1\/wp-json\/wp\/v2\/tags?post=159635"}],"curies":[{"name":"wp","href":"https:\/\/api.w.org\/{rel}","templated":true}]}}