{"id":159638,"date":"2020-03-23T07:38:17","date_gmt":"2020-03-23T10:38:17","guid":{"rendered":"http:\/\/www.caririemacao.com\/1\/?p=159638"},"modified":"2020-03-23T07:38:19","modified_gmt":"2020-03-23T10:38:19","slug":"coronavirus-testes-rapidos-serao-para-profissionais-de-saude","status":"publish","type":"post","link":"https:\/\/www.caririemacao.com\/1\/2020\/03\/23\/coronavirus-testes-rapidos-serao-para-profissionais-de-saude\/","title":{"rendered":"Coronav\u00edrus: testes r\u00e1pidos ser\u00e3o para profissionais de sa\u00fade"},"content":{"rendered":"\n<p>O Minist\u00e9rio da Sa\u00fade afirmou neste domingo (22) que os primeiros testes r\u00e1pidos para o novo coronav\u00edrus ser\u00e3o importados da China e servir\u00e3o exclusivamente para diagnosticar profissionais de sa\u00fade.<\/p>\n\n\n\n<p>O teste ser\u00e1 doado, segundo o ministro Luiz Henrique Mandetta, pela mineradora Vale. Os kits s\u00e3o produzidos pela empresa chinesa Wondfo e aprovados pela Comiss\u00e3o Europeia, de acordo com a pasta.<\/p>\n\n\n\n<p>\u201cEsse teste vai ser focado para profissionais de sa\u00fade, profissionais da linha de frente, para que a gente n\u00e3o perca essa for\u00e7a de trabalho\u201d, afirmou o secret\u00e1rio de Vigil\u00e2ncia, Wanderson Oliveira.<\/p>\n\n\n\n<p>No s\u00e1bado (21), a pasta havia dito que seriam adquiridos 10 milh\u00f5es de testes r\u00e1pidos do tipo sorol\u00f3gico, que analisa a presen\u00e7a de anticorpos no sangue, para a distribui\u00e7\u00e3o nos estados nas pr\u00f3ximas semanas.<\/p>\n\n\n\n<p>A informa\u00e7\u00e3o era de que seriam utilizados prioritariamente em profissionais de sa\u00fade, e que seriam montados postos de testagem \u201cdrive thru\u201d para a popula\u00e7\u00e3o geral.<\/p>\n\n\n\n<p>Neste domingo, por\u00e9m, o minist\u00e9rio afirmou se tratarem de duas coisas diferentes. Segundo dados enviados aos jornalistas, o teste r\u00e1pido chin\u00eas n\u00e3o ser\u00e1 aplicado em postos volantes.<\/p>\n\n\n\n<p>A apresenta\u00e7\u00e3o da pasta diz que a \u201c\u00fanica e exclusiva utilidade desse teste\u201d ser\u00e1 retirar do isolamento profissionais de sa\u00fade que estiverem entre o oitavo e d\u00e9cimo dias de isolamento por suspeita de Covid-19.<\/p>\n\n\n\n<p>Esse tipo de teste \u00e9 o que deve chegar ao pa\u00eds na pr\u00f3xima semana, de acordo com informa\u00e7\u00e3o do minist\u00e9rio de s\u00e1bado. O custo informado de cada kit \u00e9 de R$ 75.<\/p>\n\n\n\n<p>Para os casos da popula\u00e7\u00e3o em geral, o minist\u00e9rio diz estar trabalhando para comprar m\u00e1quinas automatizadas ou semi-automatizadas para ent\u00e3o instalar os postos onde pessoas poder\u00e3o ir a p\u00e9, de bicicleta ou ve\u00edculos para serem testados.<\/p>\n\n\n\n<p>Wanderson afirmou neste domingo que seguir\u00e1 o modelo sul-coreano de testagem. \u201cO teste \u00e9 igual ao da Coreia, a pessoa vai passar a p\u00e9 e vai receber o resultado por aplicativo no dia seguinte\u201d, afirmou. \u201cPara isto funcionar temos que adquirir aquelas m\u00e1quinas e colocar escala de produ\u00e7\u00e3o.\u201d<\/p>\n\n\n\n<p>As m\u00e1quinas citadas s\u00e3o, segundo a pasta, do modelo Cobas 6000, produzido pela Roche, com valor estimados de R$ 2 milh\u00f5es para compra ou as semi-automatizadas da fam\u00edlia QuantStudio da TermoFischer.<\/p>\n\n\n\n<p>O tipo de teste que seria realizado nesse caso \u00e9 o PCR, que j\u00e1 est\u00e1 sendo utilizado nos laborat\u00f3rios brasileiros. Mais preciso do que o sorol\u00f3gico, que demora at\u00e9 10 dias ap\u00f3s a contamina\u00e7\u00e3o para identificar a doen\u00e7a, este tipo analisa a presen\u00e7a de material gen\u00e9tico do v\u00edrus no trato respirat\u00f3rio.<\/p>\n\n\n\n<p>O minist\u00e9rio, por\u00e9m, n\u00e3o informou quando a aquisi\u00e7\u00e3o das m\u00e1quinas deve ser feita e se a instala\u00e7\u00e3o dos postos ser\u00e1 de fato vi\u00e1vel.<\/p>\n\n\n\n<p>\u201cEu nunca gosto de anunciar nada que n\u00e3o tenha na minha m\u00e3o. Eu espero que a gente consiga operacionalizar, se a gente tiver vai ser mais uma arma. E se a gente n\u00e3o tiver? N\u00e3o vai acontecer nada de diferente, vamos continuar fazendo os nossos testes atrav\u00e9s da Fiocruz\u201d, afirmou o ministro Mandetta.<\/p>\n\n\n\n<p>Ele disse que est\u00e3o sendo disponibilizados 2,3 milh\u00f5es de testes do tipo PCR para os estados. O an\u00fancio desse n\u00famero foi feito na quinta-feira (19) e tem capacidade para atender 1,1% da popula\u00e7\u00e3o.<\/p>\n\n\n\n<p>No entanto, esses testes citados por Mandetta ser\u00e3o destinados aos casos em que h\u00e1 sintomas graves, segundo o pr\u00f3prio minist\u00e9rio. O modelo de testagem brasileiro vem sendo questionado desde que a OMS (Organiza\u00e7\u00e3o Mundial da Sa\u00fade) recomendou exames em uma parcela ampla da popula\u00e7\u00e3o.<\/p>\n\n\n\n<p>O diretor da OMS, Tedros Adhanom Ghebreyesus, recomendou a pa\u00edses que sejam feitos testes em todos os casos suspeitos.<\/p>\n\n\n\n<p>\u201cN\u00e3o se consegue combater um inc\u00eandio com os olhos vendados, voc\u00ea n\u00e3o consegue parar essa pandemia se n\u00e3o souber quem est\u00e1 infectado\u201d, disse. \u201cTeste, teste, teste. Teste todo caso suspeito. Se for positivo, isole e descubra de quem ele esteve pr\u00f3ximo\u201d, orientou.<\/p>\n\n\n\n<p>O minist\u00e9rio rebate afirmando que h\u00e1 uma escassez de testes no mundo e que \u00e9 preciso priorizar casos graves.<\/p>\n\n\n\n<p>A testagem ampla do coronav\u00edrus esbarra em mais um problema. A Abramed (Associa\u00e7\u00e3o Brasileira de Medicina Diagn\u00f3stica) pediu \u00e0 Anvisa (Ag\u00eancia Nacional de Vigil\u00e2ncia Sanit\u00e1ria) que acelere os tr\u00e2mites de libera\u00e7\u00e3o de insumos para o diagn\u00f3stico da doen\u00e7a.<\/p>\n\n\n\n<p>Segundo nota enviada pela associa\u00e7\u00e3o que re\u00fane laborat\u00f3rios m\u00e9dicos, a maior parte dos reagentes utilizados nos testes \u00e9 importada e precisa passar por avalia\u00e7\u00e3o da ag\u00eancia antes de ser disponibilizada no Brasil.<\/p>\n\n\n\n<p>\u201cOs reagentes usados nos exames laboratoriais para o diagnostico do coronavirus sao importados e enfrentam os tramites estabelecidos pela Anvisa para entrada no Brasil. Entretanto, diante de um cenario de crise, solicitamos a colaboracao da Anvisa para imediata liberacao destes insumos ao chegarem ao pais\u201d, diz a associa\u00e7\u00e3o.<\/p>\n\n\n\n<p>A Abramed pede que os insumos importados sejam qualificados como priorit\u00e1rios na hora de obter registro.<\/p>\n\n\n\n<p>\u201cA finalidade deste oficio e desburocratizar a importacao desses materiais a fim de ampliar a capacidade de testes no pais e, assim, garantir o atendimento a populacao durante pico da pandemia. Com esse procedimento, os insumos importados serao enquadrados na categoria prioritaria das peticoes de registro.\u201d<\/p>\n\n\n\n<p>Procurada, a Anvisa ainda n\u00e3o se manifestou sobre o of\u00edcio enviado pela associa\u00e7\u00e3o.<\/p>\n","protected":false},"excerpt":{"rendered":"<p>O Minist\u00e9rio da Sa\u00fade afirmou neste domingo (22) que os primeiros testes r\u00e1pidos para o novo coronav\u00edrus ser\u00e3o importados da China e servir\u00e3o exclusivamente para&hellip; <\/p>\n","protected":false},"author":2,"featured_media":151983,"comment_status":"closed","ping_status":"closed","sticky":false,"template":"","format":"standard","meta":{"sfsi_plus_gutenberg_text_before_share":"","sfsi_plus_gutenberg_show_text_before_share":"","sfsi_plus_gutenberg_icon_type":"","sfsi_plus_gutenberg_icon_alignemt":"","sfsi_plus_gutenburg_max_per_row":"","footnotes":""},"categories":[16],"tags":[],"class_list":["post-159638","post","type-post","status-publish","format-standard","has-post-thumbnail","hentry","category-saude"],"_links":{"self":[{"href":"https:\/\/www.caririemacao.com\/1\/wp-json\/wp\/v2\/posts\/159638","targetHints":{"allow":["GET"]}}],"collection":[{"href":"https:\/\/www.caririemacao.com\/1\/wp-json\/wp\/v2\/posts"}],"about":[{"href":"https:\/\/www.caririemacao.com\/1\/wp-json\/wp\/v2\/types\/post"}],"author":[{"embeddable":true,"href":"https:\/\/www.caririemacao.com\/1\/wp-json\/wp\/v2\/users\/2"}],"replies":[{"embeddable":true,"href":"https:\/\/www.caririemacao.com\/1\/wp-json\/wp\/v2\/comments?post=159638"}],"version-history":[{"count":1,"href":"https:\/\/www.caririemacao.com\/1\/wp-json\/wp\/v2\/posts\/159638\/revisions"}],"predecessor-version":[{"id":159639,"href":"https:\/\/www.caririemacao.com\/1\/wp-json\/wp\/v2\/posts\/159638\/revisions\/159639"}],"wp:featuredmedia":[{"embeddable":true,"href":"https:\/\/www.caririemacao.com\/1\/wp-json\/wp\/v2\/media\/151983"}],"wp:attachment":[{"href":"https:\/\/www.caririemacao.com\/1\/wp-json\/wp\/v2\/media?parent=159638"}],"wp:term":[{"taxonomy":"category","embeddable":true,"href":"https:\/\/www.caririemacao.com\/1\/wp-json\/wp\/v2\/categories?post=159638"},{"taxonomy":"post_tag","embeddable":true,"href":"https:\/\/www.caririemacao.com\/1\/wp-json\/wp\/v2\/tags?post=159638"}],"curies":[{"name":"wp","href":"https:\/\/api.w.org\/{rel}","templated":true}]}}