{"id":159653,"date":"2020-03-23T09:21:51","date_gmt":"2020-03-23T12:21:51","guid":{"rendered":"http:\/\/www.caririemacao.com\/1\/?p=159653"},"modified":"2020-03-23T09:21:53","modified_gmt":"2020-03-23T12:21:53","slug":"bolsonaro-tem-aprovacao-de-35-e-reprovacao-de-33-na-gestao-da-crise-do-coronavirus-diz-datafolha","status":"publish","type":"post","link":"https:\/\/www.caririemacao.com\/1\/2020\/03\/23\/bolsonaro-tem-aprovacao-de-35-e-reprovacao-de-33-na-gestao-da-crise-do-coronavirus-diz-datafolha\/","title":{"rendered":"Bolsonaro tem aprova\u00e7\u00e3o de 35% e reprova\u00e7\u00e3o de 33% na gest\u00e3o da crise do coronav\u00edrus, diz Datafolha"},"content":{"rendered":"\n<p>Pesquisa Datafolha publicada nesta segunda-feira (23) pelo jornal \u201cFolha de S.Paulo\u201d mediu a avalia\u00e7\u00e3o do desempenho do presidente Jair Bolsonaro, dos governadores e do Minist\u00e9rio da Sa\u00fade na condu\u00e7\u00e3o da crise do coronav\u00edrus..<\/p>\n\n\n\n<p>A pesquisa foi realizada por telefone ouviu 1.558 pessoas entre quarta-feira (18) e sexta-feira (20) em todas as regi\u00f5es do pa\u00eds. A margem de erro \u00e9 de tr\u00eas pontos percentuais para mais ou para menos.<\/p>\n\n\n\n<p><strong>Veja abaixo os resultados:<\/strong><\/p>\n\n\n\n<p><strong>Avalia\u00e7\u00e3o do desempenho de Bolsonaro em rela\u00e7\u00e3o ao surto de coronav\u00edrus<\/strong><\/p>\n\n\n\n<p>\u00d3timo\/bom: 35%<\/p>\n\n\n\n<p>Regular: 26%<\/p>\n\n\n\n<p>Ruim\/p\u00e9ssimo: 33%<\/p>\n\n\n\n<p>N\u00e3o sabe: 5%<\/p>\n\n\n\n<p><strong>Avalia\u00e7\u00e3o do desempenho do Minist\u00e9rio da Sa\u00fade<\/strong><\/p>\n\n\n\n<p>\u00d3timo\/bom: 55%<br><\/p>\n\n\n\n<p>Regular: 31%<\/p>\n\n\n\n<p>Ruim\/p\u00e9ssimo: 12%<\/p>\n\n\n\n<p>N\u00e3o sabe: 2%<\/p>\n\n\n\n<p><strong>Avalia\u00e7\u00e3o do desempenho dos governadores<\/strong><\/p>\n\n\n\n<p>O Datafolha apontou o percentual de entrevistados aprovam o desempenho do governador do seu estado:<\/p>\n\n\n\n<p>M\u00e9dia dos entrevistados: 54%<\/p>\n\n\n\n<p>Nordeste: 51%<\/p>\n\n\n\n<p>Sudeste: 52%<\/p>\n\n\n\n<p>Centro-Oeste\/Norte: 56%<\/p>\n\n\n\n<p>Sul: 61%<\/p>\n\n\n\n<p><strong>Declara\u00e7\u00f5es sobre a pandemia<\/strong><\/p>\n\n\n\n<p>A pesquisa tamb\u00e9m questionou os entrevistados sobre o que achavam das declara\u00e7\u00f5es de Bolsonaro de que havia uma &#8220;histeria&#8221; em torno do coronav\u00edrus. As respostas foram:<\/p>\n\n\n\n<p>Discordam: 54%<\/p>\n\n\n\n<p>Concordam: 34%<\/p>\n\n\n\n<p>N\u00e3o t\u00eam opini\u00e3o: 8%<\/p>\n\n\n\n<p>N\u00e3o concordam nem discordam: 3%<\/p>\n\n\n\n<p><strong>Cumprimentos a manifestantes<\/strong><\/p>\n\n\n\n<p>Outro t\u00f3pico da pesquisa foi o gesto de Bolsonaro cumprimentar manifestantes em um ato pr\u00f3-governo, mesmo quando j\u00e1 havia a determina\u00e7\u00e3o de autoridades de sa\u00fade para se evitar o contato pr\u00f3ximo com outras pessoas, para evitar a dissemina\u00e7\u00e3o do v\u00edrus.<\/p>\n\n\n\n<p>Reprovaram o gesto: 68%<\/p>\n\n\n\n<p>Aprovaram o gesto: 27%<\/p>\n\n\n\n<p>N\u00e3o opinaram: 4%<\/p>\n","protected":false},"excerpt":{"rendered":"<p>Pesquisa Datafolha publicada nesta segunda-feira (23) pelo jornal \u201cFolha de S.Paulo\u201d mediu a avalia\u00e7\u00e3o do desempenho do presidente Jair Bolsonaro, dos governadores e do Minist\u00e9rio&hellip; <\/p>\n","protected":false},"author":2,"featured_media":159363,"comment_status":"closed","ping_status":"closed","sticky":false,"template":"","format":"standard","meta":{"sfsi_plus_gutenberg_text_before_share":"","sfsi_plus_gutenberg_show_text_before_share":"","sfsi_plus_gutenberg_icon_type":"","sfsi_plus_gutenberg_icon_alignemt":"","sfsi_plus_gutenburg_max_per_row":"","footnotes":""},"categories":[11],"tags":[],"class_list":["post-159653","post","type-post","status-publish","format-standard","has-post-thumbnail","hentry","category-politica"],"_links":{"self":[{"href":"https:\/\/www.caririemacao.com\/1\/wp-json\/wp\/v2\/posts\/159653","targetHints":{"allow":["GET"]}}],"collection":[{"href":"https:\/\/www.caririemacao.com\/1\/wp-json\/wp\/v2\/posts"}],"about":[{"href":"https:\/\/www.caririemacao.com\/1\/wp-json\/wp\/v2\/types\/post"}],"author":[{"embeddable":true,"href":"https:\/\/www.caririemacao.com\/1\/wp-json\/wp\/v2\/users\/2"}],"replies":[{"embeddable":true,"href":"https:\/\/www.caririemacao.com\/1\/wp-json\/wp\/v2\/comments?post=159653"}],"version-history":[{"count":1,"href":"https:\/\/www.caririemacao.com\/1\/wp-json\/wp\/v2\/posts\/159653\/revisions"}],"predecessor-version":[{"id":159654,"href":"https:\/\/www.caririemacao.com\/1\/wp-json\/wp\/v2\/posts\/159653\/revisions\/159654"}],"wp:featuredmedia":[{"embeddable":true,"href":"https:\/\/www.caririemacao.com\/1\/wp-json\/wp\/v2\/media\/159363"}],"wp:attachment":[{"href":"https:\/\/www.caririemacao.com\/1\/wp-json\/wp\/v2\/media?parent=159653"}],"wp:term":[{"taxonomy":"category","embeddable":true,"href":"https:\/\/www.caririemacao.com\/1\/wp-json\/wp\/v2\/categories?post=159653"},{"taxonomy":"post_tag","embeddable":true,"href":"https:\/\/www.caririemacao.com\/1\/wp-json\/wp\/v2\/tags?post=159653"}],"curies":[{"name":"wp","href":"https:\/\/api.w.org\/{rel}","templated":true}]}}