{"id":159657,"date":"2020-03-23T09:24:40","date_gmt":"2020-03-23T12:24:40","guid":{"rendered":"http:\/\/www.caririemacao.com\/1\/?p=159657"},"modified":"2020-03-23T09:24:41","modified_gmt":"2020-03-23T12:24:41","slug":"decreto-de-bolsonaro-inclui-imprensa-em-lista-de-servicos-essenciais","status":"publish","type":"post","link":"https:\/\/www.caririemacao.com\/1\/2020\/03\/23\/decreto-de-bolsonaro-inclui-imprensa-em-lista-de-servicos-essenciais\/","title":{"rendered":"Decreto de Bolsonaro inclui imprensa em lista de servi\u00e7os essenciais"},"content":{"rendered":"\n<p>O presidente Jair Bolsonaro incluiu no Decreto 10.288\/20, a imprensa na lista de servi\u00e7os essenciais, ou&nbsp;seja, que n\u00e3o podem parar de funcionar durante a crise do coronav\u00edrus. O decreto foi publicado neste domingo (22).&nbsp;<\/p>\n\n\n\n<p>Segundo a publica\u00e7\u00e3o, s\u00e3o&nbsp;considerados essenciais as atividades e os servi\u00e7os relacionados \u00e0 imprensa, por todos os meios de comunica\u00e7\u00e3o e divulga\u00e7\u00e3o dispon\u00edveis, inclu\u00eddos a radiodifus\u00e3o de sons e de imagens, a internet, os jornais e as revistas, dentre outros.<\/p>\n\n\n\n<p>\u00c9 vedada a restri\u00e7\u00e3o \u00e0 circula\u00e7\u00e3o de trabalhadores que possa afetar o funcionamento das atividades e dos servi\u00e7os essenciais da imprensa.<\/p>\n\n\n\n<figure class=\"wp-block-image\"><img decoding=\"async\" data-src=\"https:\/\/www.clickpb.com.br\/media\/filer_public\/92\/33\/9233f31f-1b8d-4b61-9ecf-92dad3634dfe\/decreto.jpg\" alt=\"\" src=\"data:image\/svg+xml;base64,PHN2ZyB3aWR0aD0iMSIgaGVpZ2h0PSIxIiB4bWxucz0iaHR0cDovL3d3dy53My5vcmcvMjAwMC9zdmciPjwvc3ZnPg==\" class=\"lazyload\" \/><\/figure>\n\n\n\n<p>Tamb\u00e9m s\u00e3o consideradas essenciais as atividades acess\u00f3rias e de suporte e a disponibiliza\u00e7\u00e3o dos insumos necess\u00e1rios \u00e0 cadeia produtiva relacionados \u00e0s atividades e aos servi\u00e7os de imprensa.<\/p>\n\n\n\n<p>Bolsonaro determina que, na execu\u00e7\u00e3o das atividades e dos servi\u00e7os essenciais de que trata o decreto, dever\u00e3o ser adotadas todas as cautelas para redu\u00e7\u00e3o da transmissibilidade da covid-19.<\/p>\n","protected":false},"excerpt":{"rendered":"<p>O presidente Jair Bolsonaro incluiu no Decreto 10.288\/20, a imprensa na lista de servi\u00e7os essenciais, ou&nbsp;seja, que n\u00e3o podem parar de funcionar durante a crise&hellip; <\/p>\n","protected":false},"author":2,"featured_media":88201,"comment_status":"closed","ping_status":"closed","sticky":false,"template":"","format":"standard","meta":{"sfsi_plus_gutenberg_text_before_share":"","sfsi_plus_gutenberg_show_text_before_share":"","sfsi_plus_gutenberg_icon_type":"","sfsi_plus_gutenberg_icon_alignemt":"","sfsi_plus_gutenburg_max_per_row":"","footnotes":""},"categories":[11],"tags":[],"class_list":["post-159657","post","type-post","status-publish","format-standard","has-post-thumbnail","hentry","category-politica"],"_links":{"self":[{"href":"https:\/\/www.caririemacao.com\/1\/wp-json\/wp\/v2\/posts\/159657","targetHints":{"allow":["GET"]}}],"collection":[{"href":"https:\/\/www.caririemacao.com\/1\/wp-json\/wp\/v2\/posts"}],"about":[{"href":"https:\/\/www.caririemacao.com\/1\/wp-json\/wp\/v2\/types\/post"}],"author":[{"embeddable":true,"href":"https:\/\/www.caririemacao.com\/1\/wp-json\/wp\/v2\/users\/2"}],"replies":[{"embeddable":true,"href":"https:\/\/www.caririemacao.com\/1\/wp-json\/wp\/v2\/comments?post=159657"}],"version-history":[{"count":1,"href":"https:\/\/www.caririemacao.com\/1\/wp-json\/wp\/v2\/posts\/159657\/revisions"}],"predecessor-version":[{"id":159658,"href":"https:\/\/www.caririemacao.com\/1\/wp-json\/wp\/v2\/posts\/159657\/revisions\/159658"}],"wp:featuredmedia":[{"embeddable":true,"href":"https:\/\/www.caririemacao.com\/1\/wp-json\/wp\/v2\/media\/88201"}],"wp:attachment":[{"href":"https:\/\/www.caririemacao.com\/1\/wp-json\/wp\/v2\/media?parent=159657"}],"wp:term":[{"taxonomy":"category","embeddable":true,"href":"https:\/\/www.caririemacao.com\/1\/wp-json\/wp\/v2\/categories?post=159657"},{"taxonomy":"post_tag","embeddable":true,"href":"https:\/\/www.caririemacao.com\/1\/wp-json\/wp\/v2\/tags?post=159657"}],"curies":[{"name":"wp","href":"https:\/\/api.w.org\/{rel}","templated":true}]}}