{"id":159660,"date":"2020-03-23T09:27:12","date_gmt":"2020-03-23T12:27:12","guid":{"rendered":"http:\/\/www.caririemacao.com\/1\/?p=159660"},"modified":"2020-03-23T09:27:13","modified_gmt":"2020-03-23T12:27:13","slug":"covid-19-governo-lanca-edital-para-contratar-mais-de-2400-profissionais-de-saude","status":"publish","type":"post","link":"https:\/\/www.caririemacao.com\/1\/2020\/03\/23\/covid-19-governo-lanca-edital-para-contratar-mais-de-2400-profissionais-de-saude\/","title":{"rendered":"Covid-19: Governo lan\u00e7a edital para contratar mais de 2400 profissionais de sa\u00fade"},"content":{"rendered":"\n<p>O governador Jo\u00e3o Azev\u00eado (Cidadania) anunciou a divulga\u00e7\u00e3o de edital, nesta ter\u00e7a-feira (23), para contrata\u00e7\u00e3o de 2.443 profissionais para atuar na rede estadual de sa\u00fade. Conforme o gestor, ser\u00e3o 336 vagas destinadas para m\u00e9dicos, no entanto, haver\u00e1 ainda vagas para enfermeiros e t\u00e9cnicos em enfermagem. A medida \u00e9 anunciada como forma de combate ao coronav\u00edrus, que tem\u00a0dois casos confirmados na Para\u00edba.<\/p>\n\n\n\n<p>Azev\u00eado explicou que o processo ocorrer\u00e1 de forma r\u00e1pida, pela Escola de Servi\u00e7o P\u00fablico (Espep). Os aprovados ir\u00e3o compor um cadastro de reserva e ser\u00e3o convocados de acordo com a necessidade da rede estadual.<\/p>\n\n\n\n<p><strong>MaisPB<\/strong><\/p>\n","protected":false},"excerpt":{"rendered":"<p>O governador Jo\u00e3o Azev\u00eado (Cidadania) anunciou a divulga\u00e7\u00e3o de edital, nesta ter\u00e7a-feira (23), para contrata\u00e7\u00e3o de 2.443 profissionais para atuar na rede estadual de sa\u00fade.&hellip; <\/p>\n","protected":false},"author":2,"featured_media":73019,"comment_status":"closed","ping_status":"closed","sticky":false,"template":"","format":"standard","meta":{"sfsi_plus_gutenberg_text_before_share":"","sfsi_plus_gutenberg_show_text_before_share":"","sfsi_plus_gutenberg_icon_type":"","sfsi_plus_gutenberg_icon_alignemt":"","sfsi_plus_gutenburg_max_per_row":"","footnotes":""},"categories":[2],"tags":[],"class_list":["post-159660","post","type-post","status-publish","format-standard","has-post-thumbnail","hentry","category-geral"],"_links":{"self":[{"href":"https:\/\/www.caririemacao.com\/1\/wp-json\/wp\/v2\/posts\/159660","targetHints":{"allow":["GET"]}}],"collection":[{"href":"https:\/\/www.caririemacao.com\/1\/wp-json\/wp\/v2\/posts"}],"about":[{"href":"https:\/\/www.caririemacao.com\/1\/wp-json\/wp\/v2\/types\/post"}],"author":[{"embeddable":true,"href":"https:\/\/www.caririemacao.com\/1\/wp-json\/wp\/v2\/users\/2"}],"replies":[{"embeddable":true,"href":"https:\/\/www.caririemacao.com\/1\/wp-json\/wp\/v2\/comments?post=159660"}],"version-history":[{"count":1,"href":"https:\/\/www.caririemacao.com\/1\/wp-json\/wp\/v2\/posts\/159660\/revisions"}],"predecessor-version":[{"id":159661,"href":"https:\/\/www.caririemacao.com\/1\/wp-json\/wp\/v2\/posts\/159660\/revisions\/159661"}],"wp:featuredmedia":[{"embeddable":true,"href":"https:\/\/www.caririemacao.com\/1\/wp-json\/wp\/v2\/media\/73019"}],"wp:attachment":[{"href":"https:\/\/www.caririemacao.com\/1\/wp-json\/wp\/v2\/media?parent=159660"}],"wp:term":[{"taxonomy":"category","embeddable":true,"href":"https:\/\/www.caririemacao.com\/1\/wp-json\/wp\/v2\/categories?post=159660"},{"taxonomy":"post_tag","embeddable":true,"href":"https:\/\/www.caririemacao.com\/1\/wp-json\/wp\/v2\/tags?post=159660"}],"curies":[{"name":"wp","href":"https:\/\/api.w.org\/{rel}","templated":true}]}}