{"id":159667,"date":"2020-03-23T09:40:17","date_gmt":"2020-03-23T12:40:17","guid":{"rendered":"http:\/\/www.caririemacao.com\/1\/?p=159667"},"modified":"2020-03-23T09:40:18","modified_gmt":"2020-03-23T12:40:18","slug":"papa-pede-oracao-mundial-e-diz-que-dara-bencao-especial","status":"publish","type":"post","link":"https:\/\/www.caririemacao.com\/1\/2020\/03\/23\/papa-pede-oracao-mundial-e-diz-que-dara-bencao-especial\/","title":{"rendered":"Papa pede ora\u00e7\u00e3o mundial e diz que dar\u00e1 b\u00ean\u00e7\u00e3o especial"},"content":{"rendered":"\n<p>O papa Francisco disse nesse domingo (22) que far\u00e1 nesta semana a b\u00ean\u00e7\u00e3o extraordin\u00e1ria de &#8220;Urbi et Orbi&#8221;, normalmente concedida&nbsp;apenas no Natal e na P\u00e1scoa, e pediu que haja ora\u00e7\u00e3o mundial em resposta \u00e0 crise do coronav\u00edrus.<\/p>\n\n\n\n<p>Ele fez o an\u00fancio em sua ora\u00e7\u00e3o semanal do Angelus, que vem conduzindo de dentro do Vaticano pela internet e pela televis\u00e3o, em vez de faz\u00ea-la diante das multid\u00f5es na Pra\u00e7a de S\u00e3o Pedro.<\/p>\n\n\n\n<p>Sua decis\u00e3o de abrir uma exce\u00e7\u00e3o e dar uma b\u00ean\u00e7\u00e3o especial &#8220;Urbi et Orbi&#8221; (para a cidade e o mundo) refor\u00e7a a gravidade da situa\u00e7\u00e3o global, principalmente na It\u00e1lia, que superou a China como o pa\u00eds mais atingido pelo surto do novo coronav\u00edrus.<\/p>\n\n\n\n<p>O papa disse que na sexta-feira (27) \u00e0 noite ele far\u00e1 a b\u00ean\u00e7\u00e3o extraordin\u00e1ria diante de uma Pra\u00e7a de S\u00e3o Pedro vazia. O local, parte do Vaticano, foi fechado como parte de um bloqueio na It\u00e1lia para tentar conter a propaga\u00e7\u00e3o do v\u00edrus.<\/p>\n\n\n\n<p>Os cat\u00f3licos que recebem a b\u00ean\u00e7\u00e3o, pessoalmente ou por meio&nbsp;das m\u00eddias, podem, sob certas condi\u00e7\u00f5es, receber uma indulg\u00eancia especial. Uma indulg\u00eancia \u00e9 a remiss\u00e3o da puni\u00e7\u00e3o pelos pecados.<\/p>\n","protected":false},"excerpt":{"rendered":"<p>O papa Francisco disse nesse domingo (22) que far\u00e1 nesta semana a b\u00ean\u00e7\u00e3o extraordin\u00e1ria de &#8220;Urbi et Orbi&#8221;, normalmente concedida&nbsp;apenas no Natal e na P\u00e1scoa,&hellip; <\/p>\n","protected":false},"author":2,"featured_media":159668,"comment_status":"closed","ping_status":"closed","sticky":false,"template":"","format":"standard","meta":{"sfsi_plus_gutenberg_text_before_share":"","sfsi_plus_gutenberg_show_text_before_share":"","sfsi_plus_gutenberg_icon_type":"","sfsi_plus_gutenberg_icon_alignemt":"","sfsi_plus_gutenburg_max_per_row":"","footnotes":""},"categories":[2],"tags":[],"class_list":["post-159667","post","type-post","status-publish","format-standard","has-post-thumbnail","hentry","category-geral"],"_links":{"self":[{"href":"https:\/\/www.caririemacao.com\/1\/wp-json\/wp\/v2\/posts\/159667","targetHints":{"allow":["GET"]}}],"collection":[{"href":"https:\/\/www.caririemacao.com\/1\/wp-json\/wp\/v2\/posts"}],"about":[{"href":"https:\/\/www.caririemacao.com\/1\/wp-json\/wp\/v2\/types\/post"}],"author":[{"embeddable":true,"href":"https:\/\/www.caririemacao.com\/1\/wp-json\/wp\/v2\/users\/2"}],"replies":[{"embeddable":true,"href":"https:\/\/www.caririemacao.com\/1\/wp-json\/wp\/v2\/comments?post=159667"}],"version-history":[{"count":1,"href":"https:\/\/www.caririemacao.com\/1\/wp-json\/wp\/v2\/posts\/159667\/revisions"}],"predecessor-version":[{"id":159669,"href":"https:\/\/www.caririemacao.com\/1\/wp-json\/wp\/v2\/posts\/159667\/revisions\/159669"}],"wp:featuredmedia":[{"embeddable":true,"href":"https:\/\/www.caririemacao.com\/1\/wp-json\/wp\/v2\/media\/159668"}],"wp:attachment":[{"href":"https:\/\/www.caririemacao.com\/1\/wp-json\/wp\/v2\/media?parent=159667"}],"wp:term":[{"taxonomy":"category","embeddable":true,"href":"https:\/\/www.caririemacao.com\/1\/wp-json\/wp\/v2\/categories?post=159667"},{"taxonomy":"post_tag","embeddable":true,"href":"https:\/\/www.caririemacao.com\/1\/wp-json\/wp\/v2\/tags?post=159667"}],"curies":[{"name":"wp","href":"https:\/\/api.w.org\/{rel}","templated":true}]}}