{"id":159675,"date":"2020-03-23T09:45:24","date_gmt":"2020-03-23T12:45:24","guid":{"rendered":"http:\/\/www.caririemacao.com\/1\/?p=159675"},"modified":"2020-03-23T09:45:25","modified_gmt":"2020-03-23T12:45:25","slug":"acidente-de-carro-deixa-vitima-em-estado-grave-proximo-a-camalau","status":"publish","type":"post","link":"https:\/\/www.caririemacao.com\/1\/2020\/03\/23\/acidente-de-carro-deixa-vitima-em-estado-grave-proximo-a-camalau\/","title":{"rendered":"Acidente de carro deixa v\u00edtima em estado grave pr\u00f3ximo \u00e0 Camala\u00fa"},"content":{"rendered":"\n<figure class=\"wp-block-image\"><a href=\"https:\/\/1.bp.blogspot.com\/-xiMcokAboYM\/XniVPmJePMI\/AAAAAAAAHxc\/paEezXPxtnM3cPubY9FcjXT-cpafNIHOQCLcBGAsYHQ\/s1600\/1.jpg\"><img decoding=\"async\" data-src=\"https:\/\/1.bp.blogspot.com\/-xiMcokAboYM\/XniVPmJePMI\/AAAAAAAAHxc\/paEezXPxtnM3cPubY9FcjXT-cpafNIHOQCLcBGAsYHQ\/s320\/1.jpg\" alt=\"\" src=\"data:image\/svg+xml;base64,PHN2ZyB3aWR0aD0iMSIgaGVpZ2h0PSIxIiB4bWxucz0iaHR0cDovL3d3dy53My5vcmcvMjAwMC9zdmciPjwvc3ZnPg==\" class=\"lazyload\" \/><\/a><\/figure>\n\n\n\n<p>Um acidente grave foi registrado na noite deste Domingo, pr\u00f3ximo \u00e0 cidade de Camala\u00fa.<\/p>\n\n\n\n<p><br>Uma v\u00edtima, conhecido como Kl\u00e9ber, natural de S\u00e3o Jo\u00e3o do Tigre, 41 anos, ficou em estado grav\u00edssimo ap\u00f3s capotar o seu carro.\u00a0<\/p>\n\n\n\n<p><br>Ele foi atendido, transferido para a cidade de Sum\u00e9, onde foi entubado e levado pelo SAMU para a cidade Campina Grande.<\/p>\n\n\n\n<p><br>Familiares que o acompanham desde a noite de ontem, informaram que aguardam um novo boletim m\u00e9dico com informa\u00e7\u00f5es sobre seu estado, que at\u00e9 o fechamento desta mat\u00e9ria era considerado grav\u00edssimo.<br>Kl\u00e9ber e seus familiares s\u00e3o pessoas muito queridas em S\u00e3o Jo\u00e3o do Tigre.<\/p>\n\n\n\n<p><strong>F\u00c1BIO BRITO<\/strong><\/p>\n","protected":false},"excerpt":{"rendered":"<p>Um acidente grave foi registrado na noite deste Domingo, pr\u00f3ximo \u00e0 cidade de Camala\u00fa. Uma v\u00edtima, conhecido como Kl\u00e9ber, natural de S\u00e3o Jo\u00e3o do Tigre,&hellip; <\/p>\n","protected":false},"author":2,"featured_media":156647,"comment_status":"closed","ping_status":"closed","sticky":false,"template":"","format":"standard","meta":{"sfsi_plus_gutenberg_text_before_share":"","sfsi_plus_gutenberg_show_text_before_share":"","sfsi_plus_gutenberg_icon_type":"","sfsi_plus_gutenberg_icon_alignemt":"","sfsi_plus_gutenburg_max_per_row":"","footnotes":""},"categories":[12],"tags":[],"class_list":["post-159675","post","type-post","status-publish","format-standard","has-post-thumbnail","hentry","category-policia"],"_links":{"self":[{"href":"https:\/\/www.caririemacao.com\/1\/wp-json\/wp\/v2\/posts\/159675","targetHints":{"allow":["GET"]}}],"collection":[{"href":"https:\/\/www.caririemacao.com\/1\/wp-json\/wp\/v2\/posts"}],"about":[{"href":"https:\/\/www.caririemacao.com\/1\/wp-json\/wp\/v2\/types\/post"}],"author":[{"embeddable":true,"href":"https:\/\/www.caririemacao.com\/1\/wp-json\/wp\/v2\/users\/2"}],"replies":[{"embeddable":true,"href":"https:\/\/www.caririemacao.com\/1\/wp-json\/wp\/v2\/comments?post=159675"}],"version-history":[{"count":1,"href":"https:\/\/www.caririemacao.com\/1\/wp-json\/wp\/v2\/posts\/159675\/revisions"}],"predecessor-version":[{"id":159676,"href":"https:\/\/www.caririemacao.com\/1\/wp-json\/wp\/v2\/posts\/159675\/revisions\/159676"}],"wp:featuredmedia":[{"embeddable":true,"href":"https:\/\/www.caririemacao.com\/1\/wp-json\/wp\/v2\/media\/156647"}],"wp:attachment":[{"href":"https:\/\/www.caririemacao.com\/1\/wp-json\/wp\/v2\/media?parent=159675"}],"wp:term":[{"taxonomy":"category","embeddable":true,"href":"https:\/\/www.caririemacao.com\/1\/wp-json\/wp\/v2\/categories?post=159675"},{"taxonomy":"post_tag","embeddable":true,"href":"https:\/\/www.caririemacao.com\/1\/wp-json\/wp\/v2\/tags?post=159675"}],"curies":[{"name":"wp","href":"https:\/\/api.w.org\/{rel}","templated":true}]}}