{"id":159677,"date":"2020-03-23T10:01:43","date_gmt":"2020-03-23T13:01:43","guid":{"rendered":"http:\/\/www.caririemacao.com\/1\/?p=159677"},"modified":"2020-03-23T10:01:45","modified_gmt":"2020-03-23T13:01:45","slug":"mais-suscetiveis-ao-coronavirus-idosos-devem-ter-cuidados-redobrados","status":"publish","type":"post","link":"https:\/\/www.caririemacao.com\/1\/2020\/03\/23\/mais-suscetiveis-ao-coronavirus-idosos-devem-ter-cuidados-redobrados\/","title":{"rendered":"Mais suscet\u00edveis ao coronav\u00edrus, idosos devem ter cuidados redobrados"},"content":{"rendered":"\n<p><br>Apandemia do coronav\u00edrus (Covid-19) tem deixado o mundo todo em alerta. Pouco se sabe a respeito de imuniza\u00e7\u00e3o e tratamento para esta doen\u00e7a que tem se alastrado pelo territ\u00f3rio brasileiro. Por\u00e9m, uma coisa j\u00e1 \u00e9 certa: maiores de 60 anos sofrem mais com os sintomas e, at\u00e9 agora, s\u00e3o as maiores v\u00edtimas da doen\u00e7a.<\/p>\n\n\n\n<p>Diante desse cen\u00e1rio, a m\u00e9dica geriatra Sandra Mota, do Hapvida em Jo\u00e3o Pessoa, explica por que os cuidados com idosos devem ser redobrados. \u201cNa medida em que os anos avan\u00e7am, a imunidade vai diminuindo e nos tornamos mais vulner\u00e1veis a ter complica\u00e7\u00f5es como o Covid-19. Ent\u00e3o, essa popula\u00e7\u00e3o acima de 65 anos \u00e9 mais suscet\u00edvel de desencadear outras comorbidades, principalmente, pneumonia, com a infec\u00e7\u00e3o por Covid-19\u201d, explica.<\/p>\n\n\n\n<figure class=\"wp-block-image\"><img decoding=\"async\" data-src=\"https:\/\/paraibaonline.com.br\/wp-content\/uploads\/2020\/03\/sandra-mota2303.jpg\" alt=\"Foto: Ascom\" class=\"wp-image-845216 lazyload\" src=\"data:image\/svg+xml;base64,PHN2ZyB3aWR0aD0iMSIgaGVpZ2h0PSIxIiB4bWxucz0iaHR0cDovL3d3dy53My5vcmcvMjAwMC9zdmciPjwvc3ZnPg==\" \/><\/figure>\n\n\n\n<p>Foto: Ascom<\/p>\n\n\n\n<p>A geriatra esclarece ainda que quando o idoso j\u00e1 tem alguma doen\u00e7a, como hipertens\u00e3o, diabetes e outros, \u00e9 ainda mais suscet\u00edvel a contrair o coronav\u00edrus. Por isso, se faz essencial um controle maior na alimenta\u00e7\u00e3o, no emocional e na prote\u00e7\u00e3o como um todo.<\/p>\n\n\n\n<p>\u201cTamb\u00e9m \u00e9 preciso evitar os contatos externos e tornar esse isolamento um momento agrad\u00e1vel para que esse idoso n\u00e3o desenvolva uma instabilidade emocional. Principalmente os que s\u00e3o mais ativos precisam ser conscientizados sobre a necessidade de se manter em casa\u201d, destaca.<\/p>\n\n\n\n<p>Sandra Mota sugere estabelecer rotinas para os idosos nesse per\u00edodo de quarentena. \u201cCriar rotinas para que eles n\u00e3o se sintam doentes, porque n\u00e3o est\u00e3o doentes, est\u00e3o apenas se protegendo. Essa rotina pode ser no sentido de se levantar, tomar o banho, caf\u00e9 da manh\u00e3, incentivar a leitura, filmes com tem\u00e1tica leve, por exemplo\u201d, sugere.<\/p>\n\n\n\n<p>Por fim, Sandra Mota alerta que o cuidador tamb\u00e9m precisa estar atento \u00e0 qualidade de sua sa\u00fade. Pois, ao mesmo tempo em que cuida de um idoso, necessita tamb\u00e9m se cuidar.<\/p>\n","protected":false},"excerpt":{"rendered":"<p>Apandemia do coronav\u00edrus (Covid-19) tem deixado o mundo todo em alerta. Pouco se sabe a respeito de imuniza\u00e7\u00e3o e tratamento para esta doen\u00e7a que tem&hellip; <\/p>\n","protected":false},"author":2,"featured_media":98698,"comment_status":"closed","ping_status":"closed","sticky":false,"template":"","format":"standard","meta":{"sfsi_plus_gutenberg_text_before_share":"","sfsi_plus_gutenberg_show_text_before_share":"","sfsi_plus_gutenberg_icon_type":"","sfsi_plus_gutenberg_icon_alignemt":"","sfsi_plus_gutenburg_max_per_row":"","footnotes":""},"categories":[16],"tags":[],"class_list":["post-159677","post","type-post","status-publish","format-standard","has-post-thumbnail","hentry","category-saude"],"_links":{"self":[{"href":"https:\/\/www.caririemacao.com\/1\/wp-json\/wp\/v2\/posts\/159677","targetHints":{"allow":["GET"]}}],"collection":[{"href":"https:\/\/www.caririemacao.com\/1\/wp-json\/wp\/v2\/posts"}],"about":[{"href":"https:\/\/www.caririemacao.com\/1\/wp-json\/wp\/v2\/types\/post"}],"author":[{"embeddable":true,"href":"https:\/\/www.caririemacao.com\/1\/wp-json\/wp\/v2\/users\/2"}],"replies":[{"embeddable":true,"href":"https:\/\/www.caririemacao.com\/1\/wp-json\/wp\/v2\/comments?post=159677"}],"version-history":[{"count":1,"href":"https:\/\/www.caririemacao.com\/1\/wp-json\/wp\/v2\/posts\/159677\/revisions"}],"predecessor-version":[{"id":159679,"href":"https:\/\/www.caririemacao.com\/1\/wp-json\/wp\/v2\/posts\/159677\/revisions\/159679"}],"wp:featuredmedia":[{"embeddable":true,"href":"https:\/\/www.caririemacao.com\/1\/wp-json\/wp\/v2\/media\/98698"}],"wp:attachment":[{"href":"https:\/\/www.caririemacao.com\/1\/wp-json\/wp\/v2\/media?parent=159677"}],"wp:term":[{"taxonomy":"category","embeddable":true,"href":"https:\/\/www.caririemacao.com\/1\/wp-json\/wp\/v2\/categories?post=159677"},{"taxonomy":"post_tag","embeddable":true,"href":"https:\/\/www.caririemacao.com\/1\/wp-json\/wp\/v2\/tags?post=159677"}],"curies":[{"name":"wp","href":"https:\/\/api.w.org\/{rel}","templated":true}]}}