{"id":159678,"date":"2020-03-23T10:08:20","date_gmt":"2020-03-23T13:08:20","guid":{"rendered":"http:\/\/www.caririemacao.com\/1\/?p=159678"},"modified":"2020-03-23T10:08:22","modified_gmt":"2020-03-23T13:08:22","slug":"camalau-membros-do-governo-se-reunem-e-discutem-metas-contra-o-coronavirus","status":"publish","type":"post","link":"https:\/\/www.caririemacao.com\/1\/2020\/03\/23\/camalau-membros-do-governo-se-reunem-e-discutem-metas-contra-o-coronavirus\/","title":{"rendered":"Camala\u00fa: membros do governo se re\u00fanem e discutem metas contra o coronav\u00edrus"},"content":{"rendered":"\n<p>Uma reuni\u00e3o de trabalho foi realizada na cidade de Camala\u00fa para tra\u00e7ar mais metas relativas a como proceder diante da pandemia do Corona V\u00edrus.<\/p>\n\n\n\n<p><br>A reuni\u00e3o contou com a participa\u00e7\u00e3o do vice prefeito e professor Kiel, do vereador Bira mariano, os professores Antonio Mariano e Stephania Rafaela, e os secret\u00e1rios Fl\u00e1vio Barbosa, Sandra Maria, Maricia Raline, Iara Mariano e Emerson Felipe (Fubinha)<\/p>\n\n\n\n<p><br>De acordo com o vereador Bhira, esta reuni\u00e3o foi para discutir diversas a\u00e7\u00f5es de como proceder diante da pandemia do Corona V\u00edrus (Covid 19).<\/p>\n\n\n\n<p><br>Foram estabelecidas diversas metas e a\u00e7\u00f5es de combate \u00e0 este problema.<br>Uma das a\u00e7\u00f5es, entre muitas que brevemente ser\u00e3o colocadas em pr\u00e1tica e divulgadas, foi a cria\u00e7\u00e3o de um grupo de Whatsapp, para melhor informar as pessoas.<\/p>\n\n\n\n<p><br>\u201cEntendemos que um dos males neste momento s\u00e3o as informa\u00e7\u00f5es falsas, sem base, que em muitos casos em vez de ajudar, pioram a situa\u00e7\u00e3o\u201d, afirmou o vereador Bhira.<br>F\u00c1BIO BRITO<\/p>\n","protected":false},"excerpt":{"rendered":"<p>Uma reuni\u00e3o de trabalho foi realizada na cidade de Camala\u00fa para tra\u00e7ar mais metas relativas a como proceder diante da pandemia do Corona V\u00edrus. A&hellip; <\/p>\n","protected":false},"author":1,"featured_media":159683,"comment_status":"closed","ping_status":"closed","sticky":false,"template":"","format":"standard","meta":{"sfsi_plus_gutenberg_text_before_share":"","sfsi_plus_gutenberg_show_text_before_share":"","sfsi_plus_gutenberg_icon_type":"","sfsi_plus_gutenberg_icon_alignemt":"","sfsi_plus_gutenburg_max_per_row":"","footnotes":""},"categories":[6,50],"tags":[],"class_list":["post-159678","post","type-post","status-publish","format-standard","has-post-thumbnail","hentry","category-cidades","category-destaque"],"_links":{"self":[{"href":"https:\/\/www.caririemacao.com\/1\/wp-json\/wp\/v2\/posts\/159678","targetHints":{"allow":["GET"]}}],"collection":[{"href":"https:\/\/www.caririemacao.com\/1\/wp-json\/wp\/v2\/posts"}],"about":[{"href":"https:\/\/www.caririemacao.com\/1\/wp-json\/wp\/v2\/types\/post"}],"author":[{"embeddable":true,"href":"https:\/\/www.caririemacao.com\/1\/wp-json\/wp\/v2\/users\/1"}],"replies":[{"embeddable":true,"href":"https:\/\/www.caririemacao.com\/1\/wp-json\/wp\/v2\/comments?post=159678"}],"version-history":[{"count":1,"href":"https:\/\/www.caririemacao.com\/1\/wp-json\/wp\/v2\/posts\/159678\/revisions"}],"predecessor-version":[{"id":159684,"href":"https:\/\/www.caririemacao.com\/1\/wp-json\/wp\/v2\/posts\/159678\/revisions\/159684"}],"wp:featuredmedia":[{"embeddable":true,"href":"https:\/\/www.caririemacao.com\/1\/wp-json\/wp\/v2\/media\/159683"}],"wp:attachment":[{"href":"https:\/\/www.caririemacao.com\/1\/wp-json\/wp\/v2\/media?parent=159678"}],"wp:term":[{"taxonomy":"category","embeddable":true,"href":"https:\/\/www.caririemacao.com\/1\/wp-json\/wp\/v2\/categories?post=159678"},{"taxonomy":"post_tag","embeddable":true,"href":"https:\/\/www.caririemacao.com\/1\/wp-json\/wp\/v2\/tags?post=159678"}],"curies":[{"name":"wp","href":"https:\/\/api.w.org\/{rel}","templated":true}]}}