{"id":159685,"date":"2020-03-23T10:34:15","date_gmt":"2020-03-23T13:34:15","guid":{"rendered":"http:\/\/www.caririemacao.com\/1\/?p=159685"},"modified":"2020-03-23T10:34:17","modified_gmt":"2020-03-23T13:34:17","slug":"conde-camara-mantem-sessao-ordinaria-ignorando-quarentena","status":"publish","type":"post","link":"https:\/\/www.caririemacao.com\/1\/2020\/03\/23\/conde-camara-mantem-sessao-ordinaria-ignorando-quarentena\/","title":{"rendered":"Conde: c\u00e2mara  mant\u00e9m sess\u00e3o ordin\u00e1ria, ignorando quarentena"},"content":{"rendered":"\n<p>Apesar do Minist\u00e9rio da Sa\u00fade recomendar isolamento social, atrav\u00e9s de quarentena, para evitar aglomera\u00e7\u00f5es e, desta forma, a dissemina\u00e7\u00e3o do novo coronav\u00edrus (Covid-19), a C\u00e2mara Municipal de Conde mant\u00e9m a realiza\u00e7\u00e3o de sess\u00e3o ordin\u00e1ria para esta segunda-feira (23).<\/p>\n\n\n\n<p>De acordo com o ato do presidente Carlos Manga Rosa, a sess\u00e3o deve acontecer \u00e0s portas fechadas para a popula\u00e7\u00e3o, no entanto, expondo os demais vereadores, assim como funcion\u00e1rios da Casa.<\/p>\n\n\n\n<p>Por todo pa\u00eds, casas parlamentares est\u00e3o paralisando suas atividades como forma de prevenir a contamina\u00e7\u00e3o. Em Jo\u00e3o Pessoa, a C\u00e2mara Municipal e a Assembleia Legislativa adotaram a mesma medida.<\/p>\n\n\n\n<p>Na Regi\u00e3o Metropolitana de Jo\u00e3o Pessoa, as c\u00e2maras de Bayeux e cabedelo tamb\u00e9m est\u00e3o fechadas.<\/p>\n\n\n\n<p>Com Expresso Not\u00edcias do dia a dia<\/p>\n","protected":false},"excerpt":{"rendered":"<p>Apesar do Minist\u00e9rio da Sa\u00fade recomendar isolamento social, atrav\u00e9s de quarentena, para evitar aglomera\u00e7\u00f5es e, desta forma, a dissemina\u00e7\u00e3o do novo coronav\u00edrus (Covid-19), a C\u00e2mara&hellip; <\/p>\n","protected":false},"author":1,"featured_media":159686,"comment_status":"closed","ping_status":"closed","sticky":false,"template":"","format":"standard","meta":{"sfsi_plus_gutenberg_text_before_share":"","sfsi_plus_gutenberg_show_text_before_share":"","sfsi_plus_gutenberg_icon_type":"","sfsi_plus_gutenberg_icon_alignemt":"","sfsi_plus_gutenburg_max_per_row":"","footnotes":""},"categories":[6,50],"tags":[],"class_list":["post-159685","post","type-post","status-publish","format-standard","has-post-thumbnail","hentry","category-cidades","category-destaque"],"_links":{"self":[{"href":"https:\/\/www.caririemacao.com\/1\/wp-json\/wp\/v2\/posts\/159685","targetHints":{"allow":["GET"]}}],"collection":[{"href":"https:\/\/www.caririemacao.com\/1\/wp-json\/wp\/v2\/posts"}],"about":[{"href":"https:\/\/www.caririemacao.com\/1\/wp-json\/wp\/v2\/types\/post"}],"author":[{"embeddable":true,"href":"https:\/\/www.caririemacao.com\/1\/wp-json\/wp\/v2\/users\/1"}],"replies":[{"embeddable":true,"href":"https:\/\/www.caririemacao.com\/1\/wp-json\/wp\/v2\/comments?post=159685"}],"version-history":[{"count":1,"href":"https:\/\/www.caririemacao.com\/1\/wp-json\/wp\/v2\/posts\/159685\/revisions"}],"predecessor-version":[{"id":159687,"href":"https:\/\/www.caririemacao.com\/1\/wp-json\/wp\/v2\/posts\/159685\/revisions\/159687"}],"wp:featuredmedia":[{"embeddable":true,"href":"https:\/\/www.caririemacao.com\/1\/wp-json\/wp\/v2\/media\/159686"}],"wp:attachment":[{"href":"https:\/\/www.caririemacao.com\/1\/wp-json\/wp\/v2\/media?parent=159685"}],"wp:term":[{"taxonomy":"category","embeddable":true,"href":"https:\/\/www.caririemacao.com\/1\/wp-json\/wp\/v2\/categories?post=159685"},{"taxonomy":"post_tag","embeddable":true,"href":"https:\/\/www.caririemacao.com\/1\/wp-json\/wp\/v2\/tags?post=159685"}],"curies":[{"name":"wp","href":"https:\/\/api.w.org\/{rel}","templated":true}]}}