{"id":159691,"date":"2020-03-23T11:26:48","date_gmt":"2020-03-23T14:26:48","guid":{"rendered":"http:\/\/www.caririemacao.com\/1\/?p=159691"},"modified":"2020-03-23T11:29:09","modified_gmt":"2020-03-23T14:29:09","slug":"sertania-fortes-chuvas-assustam-moradores-e-causam-prejuizos","status":"publish","type":"post","link":"https:\/\/www.caririemacao.com\/1\/2020\/03\/23\/sertania-fortes-chuvas-assustam-moradores-e-causam-prejuizos\/","title":{"rendered":"Sert\u00e2nia: fortes chuvas assustam e causam grandes preju\u00edzos para os moradores"},"content":{"rendered":"\n<p>Durante a madrugada desta segunda-feira, dia 23, foi registrado fortes chuvas na cidade de Sert\u00e2nia-PB, causando estragos e preju\u00edzos em diversas ruas e casas em toda a cidade. <\/p>\n\n\n\n<p>O canal que corta a cidade, denominado de Santa Cruz, n\u00e3o suportou a for\u00e7a das \u00e1guas e inundou casas e ruas de suas proximidades, deixando um preju\u00edzo sem precedentes. H\u00e1 not\u00edcias, n\u00e3o confirmadas, de que uma barragem que fica nas proximidades da rua da Cruz estourou(nada oficial), mas o fato \u00e9 que a f\u00faria da \u00e1gua invadiu as casas e as ruas deixando parte da popula\u00e7\u00e3o assustada.<\/p>\n\n\n\n<figure class=\"wp-block-image\"><img decoding=\"async\" data-src=\"http:\/\/tribunadomoxoto.com\/wp-content\/uploads\/2020\/03\/WhatsApp-Image-2020-03-23-at-06.42.53-1024x768.jpeg\" alt=\"\" class=\"wp-image-17544 lazyload\" src=\"data:image\/svg+xml;base64,PHN2ZyB3aWR0aD0iMSIgaGVpZ2h0PSIxIiB4bWxucz0iaHR0cDovL3d3dy53My5vcmcvMjAwMC9zdmciPjwvc3ZnPg==\" style=\"--smush-placeholder-width: 1024px; --smush-placeholder-aspect-ratio: 1024\/768;\" \/><\/figure>\n\n\n\n<p>Nas ruas Ab\u00edlio Monteiro, subida para a vila da Cohab, rua do Centro Social Urbano, rua Floriano Peixoto, pr\u00f3ximo ao posto VIP, rua do A\u00e7ude Velho, Final da Presidente Vargas(Lage dos Pires), rua da Cer\u00e2mica, rua do Ju\u00e1 e Corredor de Jo\u00e3o Pires e muitas outras ruas, com carros cobertos e casas imundadas.<\/p>\n\n\n\n<figure class=\"wp-block-image\"><img decoding=\"async\" data-src=\"http:\/\/tribunadomoxoto.com\/wp-content\/uploads\/2020\/03\/WhatsApp-Image-2020-03-23-at-06.19.27-1024x576.jpeg\" alt=\"\" class=\"wp-image-17542 lazyload\" src=\"data:image\/svg+xml;base64,PHN2ZyB3aWR0aD0iMSIgaGVpZ2h0PSIxIiB4bWxucz0iaHR0cDovL3d3dy53My5vcmcvMjAwMC9zdmciPjwvc3ZnPg==\" style=\"--smush-placeholder-width: 1024px; --smush-placeholder-aspect-ratio: 1024\/576;\" \/><\/figure>\n\n\n\n<p>O estrago \u00e9 imensur\u00e1vel. Pois existem pessoas que perderam carros, m\u00f3veis e que sa\u00edram para as ruas, para n\u00e3o morrerem  afogadas. O quadro \u00e9 de c\u00e3os, mas diante disso tudo, h\u00e1 um alento, pois n\u00e3o v\u00edtimas, havendo apenas perdas materiais.<\/p>\n\n\n\n<figure class=\"wp-block-image\"><img decoding=\"async\" data-src=\"http:\/\/tribunadomoxoto.com\/wp-content\/uploads\/2020\/03\/WhatsApp-Image-2020-03-23-at-07.32.44-1-1024x768.jpeg\" alt=\"\" class=\"wp-image-17552 lazyload\" src=\"data:image\/svg+xml;base64,PHN2ZyB3aWR0aD0iMSIgaGVpZ2h0PSIxIiB4bWxucz0iaHR0cDovL3d3dy53My5vcmcvMjAwMC9zdmciPjwvc3ZnPg==\" style=\"--smush-placeholder-width: 1024px; --smush-placeholder-aspect-ratio: 1024\/768;\" \/><\/figure>\n\n\n\n<figure class=\"wp-block-image\"><img decoding=\"async\" data-src=\"http:\/\/tribunadomoxoto.com\/wp-content\/uploads\/2020\/03\/WhatsApp-Image-2020-03-23-at-07.32.44-1024x768.jpeg\" alt=\"\" class=\"wp-image-17553 lazyload\" src=\"data:image\/svg+xml;base64,PHN2ZyB3aWR0aD0iMSIgaGVpZ2h0PSIxIiB4bWxucz0iaHR0cDovL3d3dy53My5vcmcvMjAwMC9zdmciPjwvc3ZnPg==\" style=\"--smush-placeholder-width: 1024px; --smush-placeholder-aspect-ratio: 1024\/768;\" \/><\/figure>\n\n\n\n<p>No trecho na 232 entre Cruzeiro do Nordeste e Algod\u00f5es, a Pol\u00edcia Rodovi\u00e1ria Federal interditou, pois ainda h\u00e1 muita \u00e1gua passando em cima da pista. <\/p>\n\n\n\n<p>H\u00e1 ainda not\u00edcias de que barragens naquela regi\u00e3o estouraram. Mas nada confirmado at\u00e9 o momento. <\/p>\n\n\n\n<p>Veja algumas imagem ap\u00f3s as chuvas<\/p>\n\n\n\n<figure class=\"wp-block-image size-large\"><img fetchpriority=\"high\" decoding=\"async\" width=\"696\" height=\"392\" src=\"http:\/\/www.caririemacao.com\/1\/wp-content\/uploads\/2020\/03\/WhatsApp-Image-2020-03-23-at-06.19.27-1-696x392-1.jpeg\" alt=\"\" class=\"wp-image-159693\" srcset=\"https:\/\/www.caririemacao.com\/1\/wp-content\/uploads\/2020\/03\/WhatsApp-Image-2020-03-23-at-06.19.27-1-696x392-1.jpeg 696w, https:\/\/www.caririemacao.com\/1\/wp-content\/uploads\/2020\/03\/WhatsApp-Image-2020-03-23-at-06.19.27-1-696x392-1-300x169.jpeg 300w\" sizes=\"(max-width: 696px) 100vw, 696px\" \/><\/figure>\n\n\n\n<figure class=\"wp-block-image size-large\"><img decoding=\"async\" width=\"696\" height=\"522\" data-src=\"http:\/\/www.caririemacao.com\/1\/wp-content\/uploads\/2020\/03\/WhatsApp-Image-2020-03-23-at-07.17.24-1-696x522-1.jpeg\" alt=\"\" class=\"wp-image-159694 lazyload\" data-srcset=\"https:\/\/www.caririemacao.com\/1\/wp-content\/uploads\/2020\/03\/WhatsApp-Image-2020-03-23-at-07.17.24-1-696x522-1.jpeg 696w, https:\/\/www.caririemacao.com\/1\/wp-content\/uploads\/2020\/03\/WhatsApp-Image-2020-03-23-at-07.17.24-1-696x522-1-300x225.jpeg 300w\" data-sizes=\"(max-width: 696px) 100vw, 696px\" src=\"data:image\/svg+xml;base64,PHN2ZyB3aWR0aD0iMSIgaGVpZ2h0PSIxIiB4bWxucz0iaHR0cDovL3d3dy53My5vcmcvMjAwMC9zdmciPjwvc3ZnPg==\" style=\"--smush-placeholder-width: 696px; --smush-placeholder-aspect-ratio: 696\/522;\" \/><\/figure>\n\n\n\n<figure class=\"wp-block-image size-large\"><img decoding=\"async\" width=\"696\" height=\"522\" data-src=\"http:\/\/www.caririemacao.com\/1\/wp-content\/uploads\/2020\/03\/WhatsApp-Image-2020-03-23-at-05.44.11-696x522-1.jpeg\" alt=\"\" class=\"wp-image-159696 lazyload\" data-srcset=\"https:\/\/www.caririemacao.com\/1\/wp-content\/uploads\/2020\/03\/WhatsApp-Image-2020-03-23-at-05.44.11-696x522-1.jpeg 696w, https:\/\/www.caririemacao.com\/1\/wp-content\/uploads\/2020\/03\/WhatsApp-Image-2020-03-23-at-05.44.11-696x522-1-300x225.jpeg 300w\" data-sizes=\"(max-width: 696px) 100vw, 696px\" src=\"data:image\/svg+xml;base64,PHN2ZyB3aWR0aD0iMSIgaGVpZ2h0PSIxIiB4bWxucz0iaHR0cDovL3d3dy53My5vcmcvMjAwMC9zdmciPjwvc3ZnPg==\" style=\"--smush-placeholder-width: 696px; --smush-placeholder-aspect-ratio: 696\/522;\" \/><\/figure>\n\n\n\n<figure class=\"wp-block-image size-large\"><img decoding=\"async\" width=\"696\" height=\"338\" data-src=\"http:\/\/www.caririemacao.com\/1\/wp-content\/uploads\/2020\/03\/WhatsApp-Image-2020-03-23-at-08.19.50-696x338-1.jpeg\" alt=\"\" class=\"wp-image-159697 lazyload\" data-srcset=\"https:\/\/www.caririemacao.com\/1\/wp-content\/uploads\/2020\/03\/WhatsApp-Image-2020-03-23-at-08.19.50-696x338-1.jpeg 696w, https:\/\/www.caririemacao.com\/1\/wp-content\/uploads\/2020\/03\/WhatsApp-Image-2020-03-23-at-08.19.50-696x338-1-300x146.jpeg 300w\" data-sizes=\"(max-width: 696px) 100vw, 696px\" src=\"data:image\/svg+xml;base64,PHN2ZyB3aWR0aD0iMSIgaGVpZ2h0PSIxIiB4bWxucz0iaHR0cDovL3d3dy53My5vcmcvMjAwMC9zdmciPjwvc3ZnPg==\" style=\"--smush-placeholder-width: 696px; --smush-placeholder-aspect-ratio: 696\/338;\" \/><\/figure>\n\n\n\n<p>Com Tribuna do Moxot\u00f3<\/p>\n","protected":false},"excerpt":{"rendered":"<p>Durante a madrugada desta segunda-feira, dia 23, foi registrado fortes chuvas na cidade de Sert\u00e2nia-PB, causando estragos e preju\u00edzos em diversas ruas e casas em&hellip; <\/p>\n","protected":false},"author":1,"featured_media":159692,"comment_status":"closed","ping_status":"closed","sticky":false,"template":"","format":"standard","meta":{"sfsi_plus_gutenberg_text_before_share":"","sfsi_plus_gutenberg_show_text_before_share":"","sfsi_plus_gutenberg_icon_type":"","sfsi_plus_gutenberg_icon_alignemt":"","sfsi_plus_gutenburg_max_per_row":"","footnotes":""},"categories":[6,50],"tags":[],"class_list":["post-159691","post","type-post","status-publish","format-standard","has-post-thumbnail","hentry","category-cidades","category-destaque"],"_links":{"self":[{"href":"https:\/\/www.caririemacao.com\/1\/wp-json\/wp\/v2\/posts\/159691","targetHints":{"allow":["GET"]}}],"collection":[{"href":"https:\/\/www.caririemacao.com\/1\/wp-json\/wp\/v2\/posts"}],"about":[{"href":"https:\/\/www.caririemacao.com\/1\/wp-json\/wp\/v2\/types\/post"}],"author":[{"embeddable":true,"href":"https:\/\/www.caririemacao.com\/1\/wp-json\/wp\/v2\/users\/1"}],"replies":[{"embeddable":true,"href":"https:\/\/www.caririemacao.com\/1\/wp-json\/wp\/v2\/comments?post=159691"}],"version-history":[{"count":2,"href":"https:\/\/www.caririemacao.com\/1\/wp-json\/wp\/v2\/posts\/159691\/revisions"}],"predecessor-version":[{"id":159699,"href":"https:\/\/www.caririemacao.com\/1\/wp-json\/wp\/v2\/posts\/159691\/revisions\/159699"}],"wp:featuredmedia":[{"embeddable":true,"href":"https:\/\/www.caririemacao.com\/1\/wp-json\/wp\/v2\/media\/159692"}],"wp:attachment":[{"href":"https:\/\/www.caririemacao.com\/1\/wp-json\/wp\/v2\/media?parent=159691"}],"wp:term":[{"taxonomy":"category","embeddable":true,"href":"https:\/\/www.caririemacao.com\/1\/wp-json\/wp\/v2\/categories?post=159691"},{"taxonomy":"post_tag","embeddable":true,"href":"https:\/\/www.caririemacao.com\/1\/wp-json\/wp\/v2\/tags?post=159691"}],"curies":[{"name":"wp","href":"https:\/\/api.w.org\/{rel}","templated":true}]}}