{"id":159701,"date":"2020-03-23T12:52:25","date_gmt":"2020-03-23T15:52:25","guid":{"rendered":"http:\/\/www.caririemacao.com\/1\/?p=159701"},"modified":"2020-03-23T15:03:14","modified_gmt":"2020-03-23T18:03:14","slug":"laboratorio-da-uepb-desenvolve-protecao-para-distribuir-a-profissionais-da-saude-devido-a-pandemia","status":"publish","type":"post","link":"https:\/\/www.caririemacao.com\/1\/2020\/03\/23\/laboratorio-da-uepb-desenvolve-protecao-para-distribuir-a-profissionais-da-saude-devido-a-pandemia\/","title":{"rendered":"Laborat\u00f3rio da UEPB desenvolve prote\u00e7\u00e3o, para distribuir a profissionais da sa\u00fade devido a pandemia"},"content":{"rendered":"\n<p>O&nbsp;N\u00facleo de Tecnologias estrat\u00e9gicas em Sa\u00fade (Nutes) da Universidade Estadual da Para\u00edba (UEPB) desenvolveu um&nbsp;protetor facial para profissionais da sa\u00fade que trabalham diretamente com pacientes que apresentam sintomas do novo coronav\u00edrus. De acordo com o Nutes, o protetor foi desenvolvido em laborat\u00f3rio e ser\u00e1 distribu\u00eddo gratuitamente.&nbsp;O protetor facial ser\u00e1 distribu\u00eddo aos profissionais dos hospitais que preencheram um cadastro anteriormente.<\/p>\n\n\n\n<p>Entre as informa\u00e7\u00f5es solicitadas est\u00e1 o n\u00famero de profissionais de sa\u00fade da UTI que lidam diretamente com pacientes acometidos pelo Covid-19.<\/p>\n\n\n\n<p>A iniciativa tem o objetivo de colaborar com os \u00f3rg\u00e3os de sa\u00fade neste momento em que todo mundo est\u00e1 na luta contra o novo coronav\u00edrus.&nbsp;<\/p>\n\n\n\n<p>O protetor facial foi desenvolvido pelo engenheiro Rodolfo Castelo Branco, que \u00e9 coordenador t\u00e9cnico, e pela coordenadora do laborat\u00f3rio, Yasmyne Martins. Ele deve ser usado para a prote\u00e7\u00e3o das m\u00e1scaras.<\/p>\n","protected":false},"excerpt":{"rendered":"<p>O&nbsp;N\u00facleo de Tecnologias estrat\u00e9gicas em Sa\u00fade (Nutes) da Universidade Estadual da Para\u00edba (UEPB) desenvolveu um&nbsp;protetor facial para profissionais da sa\u00fade que trabalham diretamente com pacientes&hellip; <\/p>\n","protected":false},"author":2,"featured_media":159702,"comment_status":"closed","ping_status":"closed","sticky":false,"template":"","format":"standard","meta":{"sfsi_plus_gutenberg_text_before_share":"","sfsi_plus_gutenberg_show_text_before_share":"","sfsi_plus_gutenberg_icon_type":"","sfsi_plus_gutenberg_icon_alignemt":"","sfsi_plus_gutenburg_max_per_row":"","footnotes":""},"categories":[2],"tags":[],"class_list":["post-159701","post","type-post","status-publish","format-standard","has-post-thumbnail","hentry","category-geral"],"_links":{"self":[{"href":"https:\/\/www.caririemacao.com\/1\/wp-json\/wp\/v2\/posts\/159701","targetHints":{"allow":["GET"]}}],"collection":[{"href":"https:\/\/www.caririemacao.com\/1\/wp-json\/wp\/v2\/posts"}],"about":[{"href":"https:\/\/www.caririemacao.com\/1\/wp-json\/wp\/v2\/types\/post"}],"author":[{"embeddable":true,"href":"https:\/\/www.caririemacao.com\/1\/wp-json\/wp\/v2\/users\/2"}],"replies":[{"embeddable":true,"href":"https:\/\/www.caririemacao.com\/1\/wp-json\/wp\/v2\/comments?post=159701"}],"version-history":[{"count":2,"href":"https:\/\/www.caririemacao.com\/1\/wp-json\/wp\/v2\/posts\/159701\/revisions"}],"predecessor-version":[{"id":159758,"href":"https:\/\/www.caririemacao.com\/1\/wp-json\/wp\/v2\/posts\/159701\/revisions\/159758"}],"wp:featuredmedia":[{"embeddable":true,"href":"https:\/\/www.caririemacao.com\/1\/wp-json\/wp\/v2\/media\/159702"}],"wp:attachment":[{"href":"https:\/\/www.caririemacao.com\/1\/wp-json\/wp\/v2\/media?parent=159701"}],"wp:term":[{"taxonomy":"category","embeddable":true,"href":"https:\/\/www.caririemacao.com\/1\/wp-json\/wp\/v2\/categories?post=159701"},{"taxonomy":"post_tag","embeddable":true,"href":"https:\/\/www.caririemacao.com\/1\/wp-json\/wp\/v2\/tags?post=159701"}],"curies":[{"name":"wp","href":"https:\/\/api.w.org\/{rel}","templated":true}]}}