{"id":159706,"date":"2020-03-23T12:54:02","date_gmt":"2020-03-23T15:54:02","guid":{"rendered":"http:\/\/www.caririemacao.com\/1\/?p=159706"},"modified":"2020-03-23T12:54:05","modified_gmt":"2020-03-23T15:54:05","slug":"assembleia-legislativa-aprova-por-unanimidade-decreto-de-calamidade-na-paraiba","status":"publish","type":"post","link":"https:\/\/www.caririemacao.com\/1\/2020\/03\/23\/assembleia-legislativa-aprova-por-unanimidade-decreto-de-calamidade-na-paraiba\/","title":{"rendered":"Assembleia Legislativa aprova por unanimidade Decreto de Calamidade na Para\u00edba"},"content":{"rendered":"\n<p>A Assembleia Legislativa da Para\u00edba (ALPB) aprovou por unanimidade o Decreto de Calamidade assinado pelo governador Jo\u00e3o Azev\u00eado e publicado no Di\u00e1rio Oficial do Estado do s\u00e1bado (21). Foram 32 votos a favor e quatro deputados estavam ausentes.<br><\/p>\n\n\n\n<p>A vota\u00e7\u00e3o ocorreu em sess\u00e3o online, j\u00e1 que, atendendo a recomenda\u00e7\u00e3o da Organiza\u00e7\u00e3o Mundial de Sa\u00fade e do Minist\u00e9rio da Sa\u00fade, a ALPB suspendeu as atividades at\u00e9 o pr\u00f3ximo dia 2 de abril, com a ressalva de que poderia ser convocada uma sess\u00e3o extraordin\u00e1ria a qualquer momento para deliberar sobre projetos de interesse p\u00fablico. \u00c9 a primeira sess\u00e3o 100% remota na pol\u00edtica paraibana.<br>&nbsp;<br>O l\u00edder da oposi\u00e7\u00e3o, o deputado Ranieri Paulino (MDB), ressaltou que neste momento n\u00e3o existe mais bancada de situa\u00e7\u00e3o e oposi\u00e7\u00e3o. \u201cTodos os esfor\u00e7os agora precisam ser em dire\u00e7\u00e3o de reduzir os efeitos desta crise sanit\u00e1ria na economia do nosso Estado. O cen\u00e1rio \u00e9 assustador\u201d, declarou.<\/p>\n\n\n\n<figure class=\"wp-block-image\"><img decoding=\"async\" data-src=\"https:\/\/www.clickpb.com.br\/media\/filer_public\/9c\/60\/9c607eed-de7a-43af-8d76-bfb20a0f1a02\/whatsapp_image_2020-03-23_at_112933.jpeg\" alt=\"\" src=\"data:image\/svg+xml;base64,PHN2ZyB3aWR0aD0iMSIgaGVpZ2h0PSIxIiB4bWxucz0iaHR0cDovL3d3dy53My5vcmcvMjAwMC9zdmciPjwvc3ZnPg==\" class=\"lazyload\" \/><\/figure>\n","protected":false},"excerpt":{"rendered":"<p>A Assembleia Legislativa da Para\u00edba (ALPB) aprovou por unanimidade o Decreto de Calamidade assinado pelo governador Jo\u00e3o Azev\u00eado e publicado no Di\u00e1rio Oficial do Estado&hellip; <\/p>\n","protected":false},"author":2,"featured_media":159707,"comment_status":"closed","ping_status":"closed","sticky":false,"template":"","format":"standard","meta":{"sfsi_plus_gutenberg_text_before_share":"","sfsi_plus_gutenberg_show_text_before_share":"","sfsi_plus_gutenberg_icon_type":"","sfsi_plus_gutenberg_icon_alignemt":"","sfsi_plus_gutenburg_max_per_row":"","footnotes":""},"categories":[11],"tags":[],"class_list":["post-159706","post","type-post","status-publish","format-standard","has-post-thumbnail","hentry","category-politica"],"_links":{"self":[{"href":"https:\/\/www.caririemacao.com\/1\/wp-json\/wp\/v2\/posts\/159706","targetHints":{"allow":["GET"]}}],"collection":[{"href":"https:\/\/www.caririemacao.com\/1\/wp-json\/wp\/v2\/posts"}],"about":[{"href":"https:\/\/www.caririemacao.com\/1\/wp-json\/wp\/v2\/types\/post"}],"author":[{"embeddable":true,"href":"https:\/\/www.caririemacao.com\/1\/wp-json\/wp\/v2\/users\/2"}],"replies":[{"embeddable":true,"href":"https:\/\/www.caririemacao.com\/1\/wp-json\/wp\/v2\/comments?post=159706"}],"version-history":[{"count":1,"href":"https:\/\/www.caririemacao.com\/1\/wp-json\/wp\/v2\/posts\/159706\/revisions"}],"predecessor-version":[{"id":159708,"href":"https:\/\/www.caririemacao.com\/1\/wp-json\/wp\/v2\/posts\/159706\/revisions\/159708"}],"wp:featuredmedia":[{"embeddable":true,"href":"https:\/\/www.caririemacao.com\/1\/wp-json\/wp\/v2\/media\/159707"}],"wp:attachment":[{"href":"https:\/\/www.caririemacao.com\/1\/wp-json\/wp\/v2\/media?parent=159706"}],"wp:term":[{"taxonomy":"category","embeddable":true,"href":"https:\/\/www.caririemacao.com\/1\/wp-json\/wp\/v2\/categories?post=159706"},{"taxonomy":"post_tag","embeddable":true,"href":"https:\/\/www.caririemacao.com\/1\/wp-json\/wp\/v2\/tags?post=159706"}],"curies":[{"name":"wp","href":"https:\/\/api.w.org\/{rel}","templated":true}]}}