{"id":159711,"date":"2020-03-23T12:57:37","date_gmt":"2020-03-23T15:57:37","guid":{"rendered":"http:\/\/www.caririemacao.com\/1\/?p=159711"},"modified":"2020-03-23T12:57:39","modified_gmt":"2020-03-23T15:57:39","slug":"prefeitura-de-sume-impoe-quarentena-para-pessoas-advindas-de-outros-estados","status":"publish","type":"post","link":"https:\/\/www.caririemacao.com\/1\/2020\/03\/23\/prefeitura-de-sume-impoe-quarentena-para-pessoas-advindas-de-outros-estados\/","title":{"rendered":"Prefeitura de Sum\u00e9 imp\u00f5e quarentena para pessoas advindas de outros Estados"},"content":{"rendered":"\n<p>A Prefeitura de Sum\u00e9 adotou mais uma medida para tentar combater uma poss\u00edvel dissemina\u00e7\u00e3o do coronav\u00edrus no munic\u00edpio.<\/p>\n\n\n\n<p>Nesta segunda-feira (23), o prefeito \u00c9den Duarte, baixou decreto dispondo sobre a obriga\u00e7\u00e3o de quarentena para as pessoas vindas de outros Estados da Federa\u00e7ao.<\/p>\n\n\n\n<p>A quarentena ser\u00e1 necess\u00e1ria em virtude da Secretaria de Sa\u00fade de Sum\u00e9 est\u00e1 recebendo v\u00e1rias den\u00fancias, informando que pessoas vindas de outros Estados, onde j\u00e1 est\u00e3o confirmados casos de coronav\u00edrus, &nbsp;est\u00e3o chegando no munic\u00edpio e circulando livremente pela cidade. A circula\u00e7\u00e3o dessas pessoas precisa ser evitada e imposta a quarentena para resguardar a sa\u00fade da popula\u00e7\u00e3o do munic\u00edpio.<\/p>\n\n\n\n<p>As pessoas que necessitam&nbsp;<a href=\"http:\/\/www.sume.pb.gov.br\/wp-content\/uploads\/2020\/03\/Decreto-1.314-Imp%C3%B5e-a-obriga%C3%A7%C3%A3o-de-quarentena-para-as-pessoas-que-provenham-de-outras-unidades-da-Federa%C3%A7%C3%A3o.pdf\">Decreto 1.314 \u2013 Imp\u00f5e a obriga\u00e7\u00e3o de quarentena para as pessoas que provenham de outras unidades da Federa\u00e7\u00e3o<\/a>ficar em quarentena devem informar \u00e0 Secretaria de Sa\u00fade de Sum\u00e9, por meio do telefone (83) 9 99982-0732.<\/p>\n\n\n\n<p>Todos aqueles que souberem de pessoas que se enquadram na situa\u00e7\u00e3o prevista de quarentena devem comunicar \u00e0 Coordena\u00e7\u00e3o de Vigil\u00e2ncia Epidemiol\u00f3gica do Munic\u00edpio de Sum\u00e9, por meio do telefone: 83 9 9982-0732, ou \u00e0 Ouvidoria da Prefeitura, atrav\u00e9s do e-mail&nbsp;<a href=\"mailto:ouvidoriamunicipaldesume@gmail.com\">ouvidoriamunicipaldesume@gmail.com<\/a>.<\/p>\n\n\n\n<p>Confira o&nbsp;<a href=\"http:\/\/www.sume.pb.gov.br\/wp-content\/uploads\/2020\/03\/Decreto-1.314-Imp%C3%B5e-a-obriga%C3%A7%C3%A3o-de-quarentena-para-as-pessoas-que-provenham-de-outras-unidades-da-Federa%C3%A7%C3%A3o.pdf\">Decreto 1.314 \u2013 Imp\u00f5e a obriga\u00e7\u00e3o de quarentena para as pessoas que provenham de outras unidades da Federa\u00e7\u00e3o<\/a><\/p>\n\n\n\n<p>Ascom PMS<\/p>\n","protected":false},"excerpt":{"rendered":"<p>A Prefeitura de Sum\u00e9 adotou mais uma medida para tentar combater uma poss\u00edvel dissemina\u00e7\u00e3o do coronav\u00edrus no munic\u00edpio. Nesta segunda-feira (23), o prefeito \u00c9den Duarte,&hellip; <\/p>\n","protected":false},"author":2,"featured_media":158791,"comment_status":"closed","ping_status":"closed","sticky":false,"template":"","format":"standard","meta":{"sfsi_plus_gutenberg_text_before_share":"","sfsi_plus_gutenberg_show_text_before_share":"","sfsi_plus_gutenberg_icon_type":"","sfsi_plus_gutenberg_icon_alignemt":"","sfsi_plus_gutenburg_max_per_row":"","footnotes":""},"categories":[50,2],"tags":[],"class_list":["post-159711","post","type-post","status-publish","format-standard","has-post-thumbnail","hentry","category-destaque","category-geral"],"_links":{"self":[{"href":"https:\/\/www.caririemacao.com\/1\/wp-json\/wp\/v2\/posts\/159711","targetHints":{"allow":["GET"]}}],"collection":[{"href":"https:\/\/www.caririemacao.com\/1\/wp-json\/wp\/v2\/posts"}],"about":[{"href":"https:\/\/www.caririemacao.com\/1\/wp-json\/wp\/v2\/types\/post"}],"author":[{"embeddable":true,"href":"https:\/\/www.caririemacao.com\/1\/wp-json\/wp\/v2\/users\/2"}],"replies":[{"embeddable":true,"href":"https:\/\/www.caririemacao.com\/1\/wp-json\/wp\/v2\/comments?post=159711"}],"version-history":[{"count":1,"href":"https:\/\/www.caririemacao.com\/1\/wp-json\/wp\/v2\/posts\/159711\/revisions"}],"predecessor-version":[{"id":159712,"href":"https:\/\/www.caririemacao.com\/1\/wp-json\/wp\/v2\/posts\/159711\/revisions\/159712"}],"wp:featuredmedia":[{"embeddable":true,"href":"https:\/\/www.caririemacao.com\/1\/wp-json\/wp\/v2\/media\/158791"}],"wp:attachment":[{"href":"https:\/\/www.caririemacao.com\/1\/wp-json\/wp\/v2\/media?parent=159711"}],"wp:term":[{"taxonomy":"category","embeddable":true,"href":"https:\/\/www.caririemacao.com\/1\/wp-json\/wp\/v2\/categories?post=159711"},{"taxonomy":"post_tag","embeddable":true,"href":"https:\/\/www.caririemacao.com\/1\/wp-json\/wp\/v2\/tags?post=159711"}],"curies":[{"name":"wp","href":"https:\/\/api.w.org\/{rel}","templated":true}]}}