{"id":159730,"date":"2020-03-23T14:40:04","date_gmt":"2020-03-23T17:40:04","guid":{"rendered":"http:\/\/www.caririemacao.com\/1\/?p=159730"},"modified":"2020-03-23T14:40:06","modified_gmt":"2020-03-23T17:40:06","slug":"coronavirus-bandidos-furtam-5-mil-mascaras-cirurgicas-de-hospital","status":"publish","type":"post","link":"https:\/\/www.caririemacao.com\/1\/2020\/03\/23\/coronavirus-bandidos-furtam-5-mil-mascaras-cirurgicas-de-hospital\/","title":{"rendered":"Coronav\u00edrus: bandidos furtam 5 mil m\u00e1scaras cir\u00fargicas de hospital"},"content":{"rendered":"\n<p>Cerca de 5 mil m\u00e1scaras cir\u00fargicas foram furtadas do Hospital P\u00fablico Regional de Betim, na Regi\u00e3o Metropolitana de Belo Horizonte.&nbsp;O furto aconteceu na ter\u00e7a-feira (17).<\/p>\n\n\n\n<p>A dire\u00e7\u00e3o do hospital, mesmo com o furto, disse que \u201cas m\u00e1scaras e outros Equipamentos de Prote\u00e7\u00e3o Individual (EPIs) dispon\u00edveis no almoxarifado s\u00e3o suficientes para que os servidores atendam, com seguran\u00e7a, \u00e0s demandas relativas ao coronav\u00edrus que chegarem \u00e0 unidade\u201d.<\/p>\n\n\n\n<p>A Prefeitura de Betim informou que o crime est\u00e1 sendo investigado, que forneceu as imagens de c\u00e2meras de seguran\u00e7a do hospital para a investiga\u00e7\u00e3o e que \u201cest\u00e3o sendo tomadas as devidas medidas junto aos \u00f3rg\u00e3os de seguran\u00e7a do munic\u00edpio\u201d, inclusive com rela\u00e7\u00e3o ao sumi\u00e7o de \u00e1lcool e sab\u00e3o das depend\u00eancias do Hospital Regional.<\/p>\n\n\n\n<p>E fez um apelo: \u201cque todos mantenhamos a calma e o bom senso, para que, juntos, possamos continuar somando esfor\u00e7os e sejamos vitoriosos frente a essa pandemia\u201d<\/p>\n","protected":false},"excerpt":{"rendered":"<p>Cerca de 5 mil m\u00e1scaras cir\u00fargicas foram furtadas do Hospital P\u00fablico Regional de Betim, na Regi\u00e3o Metropolitana de Belo Horizonte.&nbsp;O furto aconteceu na ter\u00e7a-feira (17).&hellip; <\/p>\n","protected":false},"author":2,"featured_media":159731,"comment_status":"closed","ping_status":"closed","sticky":false,"template":"","format":"standard","meta":{"sfsi_plus_gutenberg_text_before_share":"","sfsi_plus_gutenberg_show_text_before_share":"","sfsi_plus_gutenberg_icon_type":"","sfsi_plus_gutenberg_icon_alignemt":"","sfsi_plus_gutenburg_max_per_row":"","footnotes":""},"categories":[12],"tags":[],"class_list":["post-159730","post","type-post","status-publish","format-standard","has-post-thumbnail","hentry","category-policia"],"_links":{"self":[{"href":"https:\/\/www.caririemacao.com\/1\/wp-json\/wp\/v2\/posts\/159730","targetHints":{"allow":["GET"]}}],"collection":[{"href":"https:\/\/www.caririemacao.com\/1\/wp-json\/wp\/v2\/posts"}],"about":[{"href":"https:\/\/www.caririemacao.com\/1\/wp-json\/wp\/v2\/types\/post"}],"author":[{"embeddable":true,"href":"https:\/\/www.caririemacao.com\/1\/wp-json\/wp\/v2\/users\/2"}],"replies":[{"embeddable":true,"href":"https:\/\/www.caririemacao.com\/1\/wp-json\/wp\/v2\/comments?post=159730"}],"version-history":[{"count":1,"href":"https:\/\/www.caririemacao.com\/1\/wp-json\/wp\/v2\/posts\/159730\/revisions"}],"predecessor-version":[{"id":159732,"href":"https:\/\/www.caririemacao.com\/1\/wp-json\/wp\/v2\/posts\/159730\/revisions\/159732"}],"wp:featuredmedia":[{"embeddable":true,"href":"https:\/\/www.caririemacao.com\/1\/wp-json\/wp\/v2\/media\/159731"}],"wp:attachment":[{"href":"https:\/\/www.caririemacao.com\/1\/wp-json\/wp\/v2\/media?parent=159730"}],"wp:term":[{"taxonomy":"category","embeddable":true,"href":"https:\/\/www.caririemacao.com\/1\/wp-json\/wp\/v2\/categories?post=159730"},{"taxonomy":"post_tag","embeddable":true,"href":"https:\/\/www.caririemacao.com\/1\/wp-json\/wp\/v2\/tags?post=159730"}],"curies":[{"name":"wp","href":"https:\/\/api.w.org\/{rel}","templated":true}]}}