{"id":159734,"date":"2020-03-23T14:44:38","date_gmt":"2020-03-23T17:44:38","guid":{"rendered":"http:\/\/www.caririemacao.com\/1\/?p=159734"},"modified":"2020-03-23T14:44:39","modified_gmt":"2020-03-23T17:44:39","slug":"brasil-envia-ventiladores-pulmonares-e-mascaras-a-italia","status":"publish","type":"post","link":"https:\/\/www.caririemacao.com\/1\/2020\/03\/23\/brasil-envia-ventiladores-pulmonares-e-mascaras-a-italia\/","title":{"rendered":"Brasil envia ventiladores pulmonares e m\u00e1scaras \u00e0 It\u00e1lia"},"content":{"rendered":"\n<p>O ministro das Rela\u00e7\u00f5es Exteriores da It\u00e1lia, Luigi Di Maio, anunciou nesta segunda-feira (23) o envio de uma carga de ventiladores pulmonares e m\u00e1scaras de prote\u00e7\u00e3o pelo Brasil.<\/p>\n\n\n\n<p>Segundo o chanceler, os equipamentos ser\u00e3o destinados aos hospitais italianos e \u201ca quem est\u00e1 lutando na linha de frente contra o v\u00edrus, especialmente no norte e na Lombardia\u201d, regi\u00e3o mais atingida pela pandemia.<\/p>\n\n\n\n<p>Um dia antes, Di Maio havia dito no Twitter que o Brasil enviaria 2,5 milh\u00f5es de m\u00e1scaras de prote\u00e7\u00e3o \u00e0 It\u00e1lia, que tem enfrentado escassez de equipamentos m\u00e9dicos por causa do sobrecarregamento de seu sistema de sa\u00fade em fun\u00e7\u00e3o do crescimento vertiginoso de casos do novo coronav\u00edrus.<\/p>\n\n\n\n<p>At\u00e9 o momento, o pa\u00eds contabiliza quase 60 mil cont\u00e1gios e 5,5 mil mortes na pandemia. \u201cAgrade\u00e7o ao presidente Bolsonaro e a todo o governo brasileiro pela \u00f3tima colabora\u00e7\u00e3o. Brasil e It\u00e1lia caminham de m\u00e3os dadas por um futuro melhor\u201d, disse o deputado brasileiro do Parlamento italiano Luis Roberto Lorenzato. (ANSA)<\/p>\n","protected":false},"excerpt":{"rendered":"<p>O ministro das Rela\u00e7\u00f5es Exteriores da It\u00e1lia, Luigi Di Maio, anunciou nesta segunda-feira (23) o envio de uma carga de ventiladores pulmonares e m\u00e1scaras de&hellip; <\/p>\n","protected":false},"author":2,"featured_media":159735,"comment_status":"closed","ping_status":"closed","sticky":false,"template":"","format":"standard","meta":{"sfsi_plus_gutenberg_text_before_share":"","sfsi_plus_gutenberg_show_text_before_share":"","sfsi_plus_gutenberg_icon_type":"","sfsi_plus_gutenberg_icon_alignemt":"","sfsi_plus_gutenburg_max_per_row":"","footnotes":""},"categories":[16],"tags":[],"class_list":["post-159734","post","type-post","status-publish","format-standard","has-post-thumbnail","hentry","category-saude"],"_links":{"self":[{"href":"https:\/\/www.caririemacao.com\/1\/wp-json\/wp\/v2\/posts\/159734","targetHints":{"allow":["GET"]}}],"collection":[{"href":"https:\/\/www.caririemacao.com\/1\/wp-json\/wp\/v2\/posts"}],"about":[{"href":"https:\/\/www.caririemacao.com\/1\/wp-json\/wp\/v2\/types\/post"}],"author":[{"embeddable":true,"href":"https:\/\/www.caririemacao.com\/1\/wp-json\/wp\/v2\/users\/2"}],"replies":[{"embeddable":true,"href":"https:\/\/www.caririemacao.com\/1\/wp-json\/wp\/v2\/comments?post=159734"}],"version-history":[{"count":1,"href":"https:\/\/www.caririemacao.com\/1\/wp-json\/wp\/v2\/posts\/159734\/revisions"}],"predecessor-version":[{"id":159736,"href":"https:\/\/www.caririemacao.com\/1\/wp-json\/wp\/v2\/posts\/159734\/revisions\/159736"}],"wp:featuredmedia":[{"embeddable":true,"href":"https:\/\/www.caririemacao.com\/1\/wp-json\/wp\/v2\/media\/159735"}],"wp:attachment":[{"href":"https:\/\/www.caririemacao.com\/1\/wp-json\/wp\/v2\/media?parent=159734"}],"wp:term":[{"taxonomy":"category","embeddable":true,"href":"https:\/\/www.caririemacao.com\/1\/wp-json\/wp\/v2\/categories?post=159734"},{"taxonomy":"post_tag","embeddable":true,"href":"https:\/\/www.caririemacao.com\/1\/wp-json\/wp\/v2\/tags?post=159734"}],"curies":[{"name":"wp","href":"https:\/\/api.w.org\/{rel}","templated":true}]}}