{"id":159739,"date":"2020-03-23T14:46:40","date_gmt":"2020-03-23T17:46:40","guid":{"rendered":"http:\/\/www.caririemacao.com\/1\/?p=159739"},"modified":"2020-03-23T14:46:42","modified_gmt":"2020-03-23T17:46:42","slug":"prefeita-anna-lorena-anuncia-entrega-de-kits-nutricionais-para-estudantes","status":"publish","type":"post","link":"https:\/\/www.caririemacao.com\/1\/2020\/03\/23\/prefeita-anna-lorena-anuncia-entrega-de-kits-nutricionais-para-estudantes\/","title":{"rendered":"Prefeita Anna Lorena anuncia entrega de kits nutricionais para estudantes"},"content":{"rendered":"\n<p>A prefeita Anna Lorena anunciou na tarde deste domingo, 22, a entrega de kits nutricionais para alunos da Rede Municipal de Ensino.<\/p>\n\n\n\n<p>De acordo com a prefeita Anna Lorena, \u00e9 sabido que h\u00e1 uma quantidade de alunos da Rede Municipal de Ensino que garantem o complemento nutricional na escola, diante do isolamento social pelo qual o munic\u00edpio passa, essas crian\u00e7as ficariam desamparadas, portanto, a a\u00e7\u00e3o \u00e9 de extrema import\u00e2ncia.<\/p>\n\n\n\n<p>\u201cQueremos garantir que mesmo com esta crise, nossas crian\u00e7as continuem bem nutridas. Pedimos que os pais resguardem as crian\u00e7as e idosos em casa em isolamento para que nosso munic\u00edpio possa atravessar este momento dif\u00edcil da melhor maneira poss\u00edvel. Estamos analisando diversas situa\u00e7\u00f5es e conforme encontramos solu\u00e7\u00f5es, direcionamos as diretrizes\u201d, informa a prefeita Anna Lorena.<\/p>\n\n\n\n<p>A entrega ser\u00e1 feita na casa dos alunos, para que os pais e as pr\u00f3prias crian\u00e7as fiquem fora de risco de contamina\u00e7\u00e3o.<\/p>\n\n\n\n<p><strong>Outras Informa\u00e7\u00f5es<\/strong><br>Ainda durante seu pronunciamento nas redes sociais, Anna Lorena ainda ressaltou a transpar\u00eancia na \u00e1rea da sa\u00fade com rela\u00e7\u00e3o \u00e0 investiga\u00e7\u00e3o de um caso suspeito de coronav\u00edrus no munic\u00edpio.<\/p>\n\n\n\n<p>\u201cBoletins atualizados s\u00e3o emitidos de acordo com o andamento das investiga\u00e7\u00f5es. Temos dois casos de pessoas em isolamento familiar, que s\u00e3o oriundos do Rio de Janeiro, cidade com casos confirmados de coronav\u00edrus. Precisamos nos conscientizar que o isolamento social \u00e9 a melhor forma de preven\u00e7\u00e3o\u201d, disse a prefeita que estava em confer\u00eancia virtual com a secret\u00e1ria de Sa\u00fade do munic\u00edpio.<\/p>\n\n\n\n<p><strong>Utilidade P\u00fablica<\/strong><br>Para a popula\u00e7\u00e3o que tenha qualquer d\u00favida a cerca dos sintomas do Covid-19, est\u00e3o dispon\u00edveis os n\u00fameros: 136 (Disque Sa\u00fade) e 83.99146-9790 (Plant\u00e3o tira-d\u00favidas 24h) e Vigil\u00e2ncia em Sa\u00fade 996148796 \u2013 998013833.<\/p>\n","protected":false},"excerpt":{"rendered":"<p>A prefeita Anna Lorena anunciou na tarde deste domingo, 22, a entrega de kits nutricionais para alunos da Rede Municipal de Ensino. De acordo com&hellip; <\/p>\n","protected":false},"author":2,"featured_media":29485,"comment_status":"closed","ping_status":"closed","sticky":false,"template":"","format":"standard","meta":{"sfsi_plus_gutenberg_text_before_share":"","sfsi_plus_gutenberg_show_text_before_share":"","sfsi_plus_gutenberg_icon_type":"","sfsi_plus_gutenberg_icon_alignemt":"","sfsi_plus_gutenburg_max_per_row":"","footnotes":""},"categories":[6],"tags":[],"class_list":["post-159739","post","type-post","status-publish","format-standard","has-post-thumbnail","hentry","category-cidades"],"_links":{"self":[{"href":"https:\/\/www.caririemacao.com\/1\/wp-json\/wp\/v2\/posts\/159739","targetHints":{"allow":["GET"]}}],"collection":[{"href":"https:\/\/www.caririemacao.com\/1\/wp-json\/wp\/v2\/posts"}],"about":[{"href":"https:\/\/www.caririemacao.com\/1\/wp-json\/wp\/v2\/types\/post"}],"author":[{"embeddable":true,"href":"https:\/\/www.caririemacao.com\/1\/wp-json\/wp\/v2\/users\/2"}],"replies":[{"embeddable":true,"href":"https:\/\/www.caririemacao.com\/1\/wp-json\/wp\/v2\/comments?post=159739"}],"version-history":[{"count":1,"href":"https:\/\/www.caririemacao.com\/1\/wp-json\/wp\/v2\/posts\/159739\/revisions"}],"predecessor-version":[{"id":159740,"href":"https:\/\/www.caririemacao.com\/1\/wp-json\/wp\/v2\/posts\/159739\/revisions\/159740"}],"wp:featuredmedia":[{"embeddable":true,"href":"https:\/\/www.caririemacao.com\/1\/wp-json\/wp\/v2\/media\/29485"}],"wp:attachment":[{"href":"https:\/\/www.caririemacao.com\/1\/wp-json\/wp\/v2\/media?parent=159739"}],"wp:term":[{"taxonomy":"category","embeddable":true,"href":"https:\/\/www.caririemacao.com\/1\/wp-json\/wp\/v2\/categories?post=159739"},{"taxonomy":"post_tag","embeddable":true,"href":"https:\/\/www.caririemacao.com\/1\/wp-json\/wp\/v2\/tags?post=159739"}],"curies":[{"name":"wp","href":"https:\/\/api.w.org\/{rel}","templated":true}]}}