{"id":159752,"date":"2020-03-23T14:52:37","date_gmt":"2020-03-23T17:52:37","guid":{"rendered":"http:\/\/www.caririemacao.com\/1\/?p=159752"},"modified":"2020-03-23T14:52:38","modified_gmt":"2020-03-23T17:52:38","slug":"governo-prorroga-prazo-para-validacao-e-formalizacao-do-fies","status":"publish","type":"post","link":"https:\/\/www.caririemacao.com\/1\/2020\/03\/23\/governo-prorroga-prazo-para-validacao-e-formalizacao-do-fies\/","title":{"rendered":"Governo prorroga prazo para valida\u00e7\u00e3o e formaliza\u00e7\u00e3o do Fies"},"content":{"rendered":"\n<p>O Fundo Nacional de Desenvolvimento da Educa\u00e7\u00e3o (FNDE) prorrogou por 30 dias o prazo para valida\u00e7\u00e3o do Fundo de Financiamento Estudantil (Fies), a ser feita pelas Comiss\u00f5es Permanentes de Supervis\u00e3o e Acompanhamento do Fies (CPSAs).<\/p>\n\n\n\n<p>Foi tamb\u00e9m prorrogado pelo mesmo per\u00edodo o prazo para formaliza\u00e7\u00e3o do financiamento estudantil junto ao agente financeiro, referente \u00e0s inscri\u00e7\u00f5es do primeiro semestre de 2020 que est\u00e3o vencidas at\u00e9 esta data. As medidas foram publicadas no&nbsp;<a href=\"http:\/\/Foi%20tamb%C3%A9m%20prorrogado%20prazo%20para%20formaliza%C3%A7%C3%A3o%20do%20financiamento%20junto%20ao%20agente%20financeiro,%20referente%20%C3%A0s%20inscri%C3%A7%C3%B5es%20do%20primeiro%20semestre%20de%202020%20que%20est%C3%A3o%20vencidas.\/\" target=\"_blank\" rel=\"noreferrer noopener\"><em>Di\u00e1rio Oficial da Uni\u00e3o<\/em><\/a>&nbsp;de&nbsp;hoje&nbsp;(23).<\/p>\n\n\n\n<p>A CPSA \u00e9 a comiss\u00e3o respons\u00e1vel por validar as informa\u00e7\u00f5es prestadas pelo estudante no ato da inscri\u00e7\u00e3o, bem como dar in\u00edcio ao processo de aditamento de renova\u00e7\u00e3o dos contratos de financiamento.<\/p>\n\n\n\n<p>De acordo com o Minist\u00e9rio da Educa\u00e7\u00e3o (MEC), cada local de oferta de cursos da institui\u00e7\u00e3o de ensino participante do Fies dever\u00e1 constituir uma CPSA, composta por cinco membros: dois representantes da institui\u00e7\u00e3o de ensino, dois representantes da entidade m\u00e1xima de representa\u00e7\u00e3o estudantil da institui\u00e7\u00e3o de ensino e um do corpo docente da institui\u00e7\u00e3o de ensino.<\/p>\n\n\n\n<h2 class=\"wp-block-heading\">Fies e P-Fies<\/h2>\n\n\n\n<p>Destinado a financiar cursos superiores em universidades privadas para estudantes de baixa renda, o Fies tem a previs\u00e3o de ofertar, em 2020, 100 mil vagas. As inscri\u00e7\u00f5es s\u00e3o feitas por meio do&nbsp;<a href=\"http:\/\/fies.mec.gov.br\/\" target=\"_blank\" rel=\"noreferrer noopener\"><em>site<\/em>&nbsp;do programa<\/a>, a partir de um cadastro vinculado ao Cadastro de Pessoas F\u00edsicas &#8211; CPF.<\/p>\n\n\n\n<p>H\u00e1 duas modalidades de financiamento no atual modelo do Fies, que possibilitam juro zero a quem mais precisa e uma escala que varia conforme a renda familiar do candidato.<\/p>\n\n\n\n<p>A oferta de vagas a juro zero \u00e9 destinada a estudantes com renda familiar&nbsp;<em>per capita&nbsp;<\/em>mensal de at\u00e9 tr\u00eas sal\u00e1rios m\u00ednimos, que tenham realizado qualquer edi\u00e7\u00e3o do Exame Nacional do Ensino M\u00e9dio (Enem) desde 2010 e obtido pelo menos 450 pontos de nota m\u00e9dia. O candidato n\u00e3o pode&nbsp;ter&nbsp;tirado zero na reda\u00e7\u00e3o.<\/p>\n\n\n\n<p>A outra modalidade, denominada P-Fies, \u00e9 destinada a estudantes com renda&nbsp;<em>per capita<\/em>&nbsp;mensal familiar de at\u00e9 cinco sal\u00e1rios m\u00ednimos. Nesse caso, as condi\u00e7\u00f5es do financiamento s\u00e3o negociadas com algum agente financeiro que fica respons\u00e1vel pelo contrato.<\/p>\n\n\n\n<p>Para se inscrever no P-Fies, o estudante ainda precisa atender aos mesmos crit\u00e9rios do Fies juro zero: nota m\u00ednima de 450 pontos nas provas do Enem e n\u00e3o&nbsp;ter&nbsp;zerado a reda\u00e7\u00e3o. Pelo calend\u00e1rio do MEC, o resultado da primeira pr\u00e9-sele\u00e7\u00e3o do Fies ser\u00e1 divulgado em&nbsp;26 de fevereiro.<\/p>\n","protected":false},"excerpt":{"rendered":"<p>O Fundo Nacional de Desenvolvimento da Educa\u00e7\u00e3o (FNDE) prorrogou por 30 dias o prazo para valida\u00e7\u00e3o do Fundo de Financiamento Estudantil (Fies), a ser feita&hellip; <\/p>\n","protected":false},"author":2,"featured_media":159753,"comment_status":"closed","ping_status":"closed","sticky":false,"template":"","format":"standard","meta":{"sfsi_plus_gutenberg_text_before_share":"","sfsi_plus_gutenberg_show_text_before_share":"","sfsi_plus_gutenberg_icon_type":"","sfsi_plus_gutenberg_icon_alignemt":"","sfsi_plus_gutenburg_max_per_row":"","footnotes":""},"categories":[14],"tags":[],"class_list":["post-159752","post","type-post","status-publish","format-standard","has-post-thumbnail","hentry","category-educacao"],"_links":{"self":[{"href":"https:\/\/www.caririemacao.com\/1\/wp-json\/wp\/v2\/posts\/159752","targetHints":{"allow":["GET"]}}],"collection":[{"href":"https:\/\/www.caririemacao.com\/1\/wp-json\/wp\/v2\/posts"}],"about":[{"href":"https:\/\/www.caririemacao.com\/1\/wp-json\/wp\/v2\/types\/post"}],"author":[{"embeddable":true,"href":"https:\/\/www.caririemacao.com\/1\/wp-json\/wp\/v2\/users\/2"}],"replies":[{"embeddable":true,"href":"https:\/\/www.caririemacao.com\/1\/wp-json\/wp\/v2\/comments?post=159752"}],"version-history":[{"count":1,"href":"https:\/\/www.caririemacao.com\/1\/wp-json\/wp\/v2\/posts\/159752\/revisions"}],"predecessor-version":[{"id":159754,"href":"https:\/\/www.caririemacao.com\/1\/wp-json\/wp\/v2\/posts\/159752\/revisions\/159754"}],"wp:featuredmedia":[{"embeddable":true,"href":"https:\/\/www.caririemacao.com\/1\/wp-json\/wp\/v2\/media\/159753"}],"wp:attachment":[{"href":"https:\/\/www.caririemacao.com\/1\/wp-json\/wp\/v2\/media?parent=159752"}],"wp:term":[{"taxonomy":"category","embeddable":true,"href":"https:\/\/www.caririemacao.com\/1\/wp-json\/wp\/v2\/categories?post=159752"},{"taxonomy":"post_tag","embeddable":true,"href":"https:\/\/www.caririemacao.com\/1\/wp-json\/wp\/v2\/tags?post=159752"}],"curies":[{"name":"wp","href":"https:\/\/api.w.org\/{rel}","templated":true}]}}