{"id":159759,"date":"2020-03-23T18:32:11","date_gmt":"2020-03-23T21:32:11","guid":{"rendered":"http:\/\/www.caririemacao.com\/1\/?p=159759"},"modified":"2020-03-23T18:32:13","modified_gmt":"2020-03-23T21:32:13","slug":"brasil-tem-1-891-casos-confirmados-e-34-mortes-por-coronsvirus","status":"publish","type":"post","link":"https:\/\/www.caririemacao.com\/1\/2020\/03\/23\/brasil-tem-1-891-casos-confirmados-e-34-mortes-por-coronsvirus\/","title":{"rendered":"Brasil tem  1.891 casos confirmados e 34 mortes por coronsv\u00edrus"},"content":{"rendered":"\n<p>O Brasil registrou nesta segunda-feira (23) um total de 34 mortos e 1.891 casos confirmados do novo coronav\u00edrus, segundo o Minist\u00e9rio da Sa\u00fade.<\/p>\n\n\n\n<p><br>Entre os mortos, 30 est\u00e3o em S\u00e3o Paulo e 4 no Rio de Janeiro. A capital fluminense registrou sua primeira morte por Covid-19, de uma mulher de 58 anos que tinha doen\u00e7as cr\u00f4nicas. Dos 233 casos no estado, 212 s\u00e3o na cidade do Rio e dez em Niter\u00f3i.<br>O estado de S\u00e3o Paulo tem o maior n\u00famero de casos de Covid-19: 745 confirma\u00e7\u00f5es. <\/p>\n\n\n\n<p>Tamb\u00e9m h\u00e1 registros em Minas Gerais (128), Esp\u00edrito Santo (29), Distrito Federal (133), Goi\u00e1s (23), Mato Grosso do Sul (21), Mato Grosso (2), Rio Grande do Sul (86), Paran\u00e1 (56), Santa Catarina (68), Pernambuco (42), Cear\u00e1 (163), Sergipe (10), Bahia (63), Para\u00edba (2), Maranh\u00e3o (2) Piau\u00ed (6), Rio Grande do Norte (13), Alagoas (7), Rond\u00f4nia (3), Tocantins (5), Par\u00e1 (5), Amazonas (32), Amap\u00e1 (1), Roraima (2) e Acre (11).<\/p>\n\n\n\n<p><br>O Minist\u00e9rio n\u00e3o informa o n\u00famero de poss\u00edveis casos de Covid-19 por considerar que o pa\u00eds inteiro se encontra em transmiss\u00e3o comunit\u00e1ria -ou seja, quando n\u00e3o \u00e9 poss\u00edvel identificar a origem do v\u00edrus- e, diz que, por isso, qualquer um com sintomas gripais \u00e9 um caso suspeito.<\/p>\n\n\n\n<p>Com Di\u00e1rio de Pernambuco<\/p>\n","protected":false},"excerpt":{"rendered":"<p>O Brasil registrou nesta segunda-feira (23) um total de 34 mortos e 1.891 casos confirmados do novo coronav\u00edrus, segundo o Minist\u00e9rio da Sa\u00fade. Entre os&hellip; <\/p>\n","protected":false},"author":1,"featured_media":159083,"comment_status":"closed","ping_status":"closed","sticky":false,"template":"","format":"standard","meta":{"sfsi_plus_gutenberg_text_before_share":"","sfsi_plus_gutenberg_show_text_before_share":"","sfsi_plus_gutenberg_icon_type":"","sfsi_plus_gutenberg_icon_alignemt":"","sfsi_plus_gutenburg_max_per_row":"","footnotes":""},"categories":[50,16],"tags":[],"class_list":["post-159759","post","type-post","status-publish","format-standard","has-post-thumbnail","hentry","category-destaque","category-saude"],"_links":{"self":[{"href":"https:\/\/www.caririemacao.com\/1\/wp-json\/wp\/v2\/posts\/159759","targetHints":{"allow":["GET"]}}],"collection":[{"href":"https:\/\/www.caririemacao.com\/1\/wp-json\/wp\/v2\/posts"}],"about":[{"href":"https:\/\/www.caririemacao.com\/1\/wp-json\/wp\/v2\/types\/post"}],"author":[{"embeddable":true,"href":"https:\/\/www.caririemacao.com\/1\/wp-json\/wp\/v2\/users\/1"}],"replies":[{"embeddable":true,"href":"https:\/\/www.caririemacao.com\/1\/wp-json\/wp\/v2\/comments?post=159759"}],"version-history":[{"count":1,"href":"https:\/\/www.caririemacao.com\/1\/wp-json\/wp\/v2\/posts\/159759\/revisions"}],"predecessor-version":[{"id":159760,"href":"https:\/\/www.caririemacao.com\/1\/wp-json\/wp\/v2\/posts\/159759\/revisions\/159760"}],"wp:featuredmedia":[{"embeddable":true,"href":"https:\/\/www.caririemacao.com\/1\/wp-json\/wp\/v2\/media\/159083"}],"wp:attachment":[{"href":"https:\/\/www.caririemacao.com\/1\/wp-json\/wp\/v2\/media?parent=159759"}],"wp:term":[{"taxonomy":"category","embeddable":true,"href":"https:\/\/www.caririemacao.com\/1\/wp-json\/wp\/v2\/categories?post=159759"},{"taxonomy":"post_tag","embeddable":true,"href":"https:\/\/www.caririemacao.com\/1\/wp-json\/wp\/v2\/tags?post=159759"}],"curies":[{"name":"wp","href":"https:\/\/api.w.org\/{rel}","templated":true}]}}