{"id":159761,"date":"2020-03-23T18:38:55","date_gmt":"2020-03-23T21:38:55","guid":{"rendered":"http:\/\/www.caririemacao.com\/1\/?p=159761"},"modified":"2020-03-23T18:38:56","modified_gmt":"2020-03-23T21:38:56","slug":"italia-numero-de-mortes-ultrapassa-6-mil-mas-ha-reducao-pelo-2-consecutivo","status":"publish","type":"post","link":"https:\/\/www.caririemacao.com\/1\/2020\/03\/23\/italia-numero-de-mortes-ultrapassa-6-mil-mas-ha-reducao-pelo-2-consecutivo\/","title":{"rendered":"It\u00e1lia: n\u00famero de mortes    ultrapassa 6 mil, mas h\u00e1 redu\u00e7\u00e3o pelo 2\u00b0 consecutivo"},"content":{"rendered":"\n<p>Mesmo com a redu\u00e7\u00e3o do n\u00famero de mortes pelo segundo dia, a It\u00e1lia superou a marca de 6 mil v\u00edtimas fatais pelo novo coronav\u00edrus, nesta segunda. O \u00faltimo balan\u00e7o oficial aponta&nbsp;para 6.007 mortos &#8211; um aumento de 602 casos em 24 horas. O n\u00famero de cont\u00e1gios chega a 50.418.&nbsp;<\/p>\n\n\n\n<p>A It\u00e1lia registrou no domingo 651 novas mortes ligadas ao coronav\u00edrus, 142 a menos que no s\u00e1bado (793) e 3.957 casos adicionais, n\u00famero que caiu novamente em mais de 800 em 24 horas. O chefe da Prote\u00e7\u00e3o Civil, Angelo Borreli, disse esperar que a &#8220;tend\u00eancia seja confirmada nos pr\u00f3ximos dias&#8221;. No entanto, ressaltou: &#8220;N\u00e3o devemos baixar nossa guarda&#8221;.<\/p>\n\n\n\n<p><br>Nesta segunda-feira, o governo estendeu por decreto as medidas de confinamento, paralisando todas as ind\u00fastrias de produ\u00e7\u00e3o n\u00e3o essencial e proibindo os italianos de se deslocarem de um munic\u00edpio para outro, exceto em caso de &#8220;emerg\u00eancia absoluta&#8221; ou por &#8220;motivo de sa\u00fade&#8221;.<\/p>\n\n\n\n<p><br>O objetivo deste novo texto, o terceiro em duas semanas, \u00e9 obstruir o m\u00e1ximo poss\u00edvel a circula\u00e7\u00e3o de pessoas, principalmente entre o Norte e o Sul, como ocorreu no fim de semana de 7 e 8 de mar\u00e7o ap\u00f3s o decis\u00e3o de colocar 15 milh\u00f5es de nortistas em quarentena.<br><strong>No Mundo<\/strong><\/p>\n\n\n\n<p>A Organiza\u00e7\u00e3o Mundial da Sa\u00fade (OMS), declarou que a pandemia &#8216;acelerou&#8217; nos \u00faltimos quatro dias com o surgimento de 100 novos casos confirmados. De acordo com a organiza\u00e7\u00e3o, o n\u00famero de casos do coronav\u00edrus atingiu 100 mil durante o per\u00edodo de 67 dias, mas levou apenas 11 dias para dobrar.<\/p>\n\n\n\n<p>Com Di\u00e1rio de Pernambuco<\/p>\n","protected":false},"excerpt":{"rendered":"<p>Mesmo com a redu\u00e7\u00e3o do n\u00famero de mortes pelo segundo dia, a It\u00e1lia superou a marca de 6 mil v\u00edtimas fatais pelo novo coronav\u00edrus, nesta&hellip; <\/p>\n","protected":false},"author":1,"featured_media":155540,"comment_status":"closed","ping_status":"closed","sticky":false,"template":"","format":"standard","meta":{"sfsi_plus_gutenberg_text_before_share":"","sfsi_plus_gutenberg_show_text_before_share":"","sfsi_plus_gutenberg_icon_type":"","sfsi_plus_gutenberg_icon_alignemt":"","sfsi_plus_gutenburg_max_per_row":"","footnotes":""},"categories":[50,16],"tags":[],"class_list":["post-159761","post","type-post","status-publish","format-standard","has-post-thumbnail","hentry","category-destaque","category-saude"],"_links":{"self":[{"href":"https:\/\/www.caririemacao.com\/1\/wp-json\/wp\/v2\/posts\/159761","targetHints":{"allow":["GET"]}}],"collection":[{"href":"https:\/\/www.caririemacao.com\/1\/wp-json\/wp\/v2\/posts"}],"about":[{"href":"https:\/\/www.caririemacao.com\/1\/wp-json\/wp\/v2\/types\/post"}],"author":[{"embeddable":true,"href":"https:\/\/www.caririemacao.com\/1\/wp-json\/wp\/v2\/users\/1"}],"replies":[{"embeddable":true,"href":"https:\/\/www.caririemacao.com\/1\/wp-json\/wp\/v2\/comments?post=159761"}],"version-history":[{"count":1,"href":"https:\/\/www.caririemacao.com\/1\/wp-json\/wp\/v2\/posts\/159761\/revisions"}],"predecessor-version":[{"id":159762,"href":"https:\/\/www.caririemacao.com\/1\/wp-json\/wp\/v2\/posts\/159761\/revisions\/159762"}],"wp:featuredmedia":[{"embeddable":true,"href":"https:\/\/www.caririemacao.com\/1\/wp-json\/wp\/v2\/media\/155540"}],"wp:attachment":[{"href":"https:\/\/www.caririemacao.com\/1\/wp-json\/wp\/v2\/media?parent=159761"}],"wp:term":[{"taxonomy":"category","embeddable":true,"href":"https:\/\/www.caririemacao.com\/1\/wp-json\/wp\/v2\/categories?post=159761"},{"taxonomy":"post_tag","embeddable":true,"href":"https:\/\/www.caririemacao.com\/1\/wp-json\/wp\/v2\/tags?post=159761"}],"curies":[{"name":"wp","href":"https:\/\/api.w.org\/{rel}","templated":true}]}}