{"id":159765,"date":"2020-03-23T19:03:19","date_gmt":"2020-03-23T22:03:19","guid":{"rendered":"http:\/\/www.caririemacao.com\/1\/?p=159765"},"modified":"2020-03-23T19:03:21","modified_gmt":"2020-03-23T22:03:21","slug":"coronavirus-diretor-geral-da-oms-diz-que-pandemia-esta-acelerando","status":"publish","type":"post","link":"https:\/\/www.caririemacao.com\/1\/2020\/03\/23\/coronavirus-diretor-geral-da-oms-diz-que-pandemia-esta-acelerando\/","title":{"rendered":"Coronav\u00edrus: Diretor-geral da OMS diz que pandemia est\u00e1 acelerando"},"content":{"rendered":"\n<p>Em pronunciamento \u00e0 imprensa nesta segunda (23), o diretor-geral da OMS (Organiza\u00e7\u00e3o Mundial da Sa\u00fade), Tedros Adhanom, disse que a pandemia de coronav\u00edrus est\u00e1 acelerando.&#8221;Foram necess\u00e1rios 67 dias desde o primeiro caso relatado para alcan\u00e7ar os primeiros 100.000 casos, 11 dias para os segundos 100.000 casos e apenas 4 dias para os terceiros 100.000 casos&#8221;, aponta.<\/p>\n\n\n\n<p>Adhanom informou que ligar\u00e1 para chefes de Estado dos pa\u00edses do G20 nesta semana para articular formas de evitar o esgotamento de EPIs (equipamento de prote\u00e7\u00e3o individual) e cobrou uni\u00e3o dos 19 pa\u00edses mais ricos do mundo e da Uni\u00e3o Europeia.<\/p>\n\n\n\n<p>&#8220;A solu\u00e7\u00e3o desse problema requer compromisso pol\u00edtico e coordena\u00e7\u00e3o pol\u00edtica em n\u00edvel global. [&#8230;] Entre outras quest\u00f5es, pedirei que trabalhem juntos para aumentar a produ\u00e7\u00e3o, evitar proibi\u00e7\u00f5es de exporta\u00e7\u00e3o e garantir a equidade da distribui\u00e7\u00e3o [de EPIs], com base na necessidade. Precisamos de unidade nos pa\u00edses do G20, que t\u00eam mais de 80% do PIB global&#8221;, disse.<\/p>\n\n\n\n<p>O diretor-geral tamb\u00e9m informou que o Fundo de Resposta \u00e0 Solidariedade para a Covid-19 arrecadou mais de US$ 70 milh\u00f5es (cerca de R$ 357 milh\u00f5es) em apenas dez dias. Desse valor, a FIFA \u00e9 respons\u00e1vel por US$ 10 milh\u00f5es (R$ 51 milh\u00f5es) e a rede social TikTok contribuiu com outros US$ 10 milh\u00f5es.<\/p>\n\n\n\n<p>Na \u00faltima sexta (20), a OMS lan\u00e7ou um servi\u00e7o de d\u00favidas sobre o novo coronav\u00edrus pelo WhatsApp. Segundo Adhanom, em quatro dias o servi\u00e7o teve mais 10 milh\u00f5es de usu\u00e1rios. As vers\u00f5es do servi\u00e7o em \u00e1rabe, espanhol e franc\u00eas devem ser disponibilizadas ainda nesta semana. N\u00e3o h\u00e1 previs\u00e3o para que a aplica\u00e7\u00e3o seja traduzida para o portugu\u00eas.<\/p>\n\n\n\n<p>Com Di\u00e1rio de Pernambuco<\/p>\n","protected":false},"excerpt":{"rendered":"<p>Em pronunciamento \u00e0 imprensa nesta segunda (23), o diretor-geral da OMS (Organiza\u00e7\u00e3o Mundial da Sa\u00fade), Tedros Adhanom, disse que a pandemia de coronav\u00edrus est\u00e1 acelerando.&#8221;Foram&hellip; <\/p>\n","protected":false},"author":1,"featured_media":159767,"comment_status":"closed","ping_status":"closed","sticky":false,"template":"","format":"standard","meta":{"sfsi_plus_gutenberg_text_before_share":"","sfsi_plus_gutenberg_show_text_before_share":"","sfsi_plus_gutenberg_icon_type":"","sfsi_plus_gutenberg_icon_alignemt":"","sfsi_plus_gutenburg_max_per_row":"","footnotes":""},"categories":[50,16],"tags":[],"class_list":["post-159765","post","type-post","status-publish","format-standard","has-post-thumbnail","hentry","category-destaque","category-saude"],"_links":{"self":[{"href":"https:\/\/www.caririemacao.com\/1\/wp-json\/wp\/v2\/posts\/159765","targetHints":{"allow":["GET"]}}],"collection":[{"href":"https:\/\/www.caririemacao.com\/1\/wp-json\/wp\/v2\/posts"}],"about":[{"href":"https:\/\/www.caririemacao.com\/1\/wp-json\/wp\/v2\/types\/post"}],"author":[{"embeddable":true,"href":"https:\/\/www.caririemacao.com\/1\/wp-json\/wp\/v2\/users\/1"}],"replies":[{"embeddable":true,"href":"https:\/\/www.caririemacao.com\/1\/wp-json\/wp\/v2\/comments?post=159765"}],"version-history":[{"count":1,"href":"https:\/\/www.caririemacao.com\/1\/wp-json\/wp\/v2\/posts\/159765\/revisions"}],"predecessor-version":[{"id":159768,"href":"https:\/\/www.caririemacao.com\/1\/wp-json\/wp\/v2\/posts\/159765\/revisions\/159768"}],"wp:featuredmedia":[{"embeddable":true,"href":"https:\/\/www.caririemacao.com\/1\/wp-json\/wp\/v2\/media\/159767"}],"wp:attachment":[{"href":"https:\/\/www.caririemacao.com\/1\/wp-json\/wp\/v2\/media?parent=159765"}],"wp:term":[{"taxonomy":"category","embeddable":true,"href":"https:\/\/www.caririemacao.com\/1\/wp-json\/wp\/v2\/categories?post=159765"},{"taxonomy":"post_tag","embeddable":true,"href":"https:\/\/www.caririemacao.com\/1\/wp-json\/wp\/v2\/tags?post=159765"}],"curies":[{"name":"wp","href":"https:\/\/api.w.org\/{rel}","templated":true}]}}