{"id":159773,"date":"2020-03-24T06:22:39","date_gmt":"2020-03-24T09:22:39","guid":{"rendered":"http:\/\/www.caririemacao.com\/1\/?p=159773"},"modified":"2020-03-24T06:22:41","modified_gmt":"2020-03-24T09:22:41","slug":"funcionario-publico-morre-afogado-em-acude-publico-de-gurjao-veja-foto","status":"publish","type":"post","link":"https:\/\/www.caririemacao.com\/1\/2020\/03\/24\/funcionario-publico-morre-afogado-em-acude-publico-de-gurjao-veja-foto\/","title":{"rendered":"Funcion\u00e1rio p\u00fablico morre afogado em a\u00e7ude p\u00fablico de Gurj\u00e3o; VEJA FOTO"},"content":{"rendered":"\n<p>Um gari, funcion\u00e1rio da Prefeitura de Gurj\u00e3o, faleceu ao se afogar no a\u00e7ude p\u00fablico do munic\u00edpio na tarde desta segunda-feira (23). \u201cJo\u00e3o Borreirinha\u201d, como \u00e9 mais conhecido, estava tomando banho quando mergulhou e n\u00e3o voltou mais a superf\u00edcie.<\/p>\n\n\n\n<p>As circunst\u00e2ncias de seu afogamento ainda n\u00e3o foram totalmente esclarecidas, mas Jo\u00e3o Batista Texeira era uma pessoa de bem e querida por todos.<\/p>\n\n\n\n<p>O corpo foi removido e aguarda a chegada do IML.<\/p>\n\n\n\n<p><strong>De Olho no Cariri<\/strong><\/p>\n","protected":false},"excerpt":{"rendered":"<p>Um gari, funcion\u00e1rio da Prefeitura de Gurj\u00e3o, faleceu ao se afogar no a\u00e7ude p\u00fablico do munic\u00edpio na tarde desta segunda-feira (23). \u201cJo\u00e3o Borreirinha\u201d, como \u00e9&hellip; <\/p>\n","protected":false},"author":2,"featured_media":159774,"comment_status":"closed","ping_status":"closed","sticky":false,"template":"","format":"standard","meta":{"sfsi_plus_gutenberg_text_before_share":"","sfsi_plus_gutenberg_show_text_before_share":"","sfsi_plus_gutenberg_icon_type":"","sfsi_plus_gutenberg_icon_alignemt":"","sfsi_plus_gutenburg_max_per_row":"","footnotes":""},"categories":[2],"tags":[],"class_list":["post-159773","post","type-post","status-publish","format-standard","has-post-thumbnail","hentry","category-geral"],"_links":{"self":[{"href":"https:\/\/www.caririemacao.com\/1\/wp-json\/wp\/v2\/posts\/159773","targetHints":{"allow":["GET"]}}],"collection":[{"href":"https:\/\/www.caririemacao.com\/1\/wp-json\/wp\/v2\/posts"}],"about":[{"href":"https:\/\/www.caririemacao.com\/1\/wp-json\/wp\/v2\/types\/post"}],"author":[{"embeddable":true,"href":"https:\/\/www.caririemacao.com\/1\/wp-json\/wp\/v2\/users\/2"}],"replies":[{"embeddable":true,"href":"https:\/\/www.caririemacao.com\/1\/wp-json\/wp\/v2\/comments?post=159773"}],"version-history":[{"count":1,"href":"https:\/\/www.caririemacao.com\/1\/wp-json\/wp\/v2\/posts\/159773\/revisions"}],"predecessor-version":[{"id":159775,"href":"https:\/\/www.caririemacao.com\/1\/wp-json\/wp\/v2\/posts\/159773\/revisions\/159775"}],"wp:featuredmedia":[{"embeddable":true,"href":"https:\/\/www.caririemacao.com\/1\/wp-json\/wp\/v2\/media\/159774"}],"wp:attachment":[{"href":"https:\/\/www.caririemacao.com\/1\/wp-json\/wp\/v2\/media?parent=159773"}],"wp:term":[{"taxonomy":"category","embeddable":true,"href":"https:\/\/www.caririemacao.com\/1\/wp-json\/wp\/v2\/categories?post=159773"},{"taxonomy":"post_tag","embeddable":true,"href":"https:\/\/www.caririemacao.com\/1\/wp-json\/wp\/v2\/tags?post=159773"}],"curies":[{"name":"wp","href":"https:\/\/api.w.org\/{rel}","templated":true}]}}