{"id":159777,"date":"2020-03-24T06:23:55","date_gmt":"2020-03-24T09:23:55","guid":{"rendered":"http:\/\/www.caririemacao.com\/1\/?p=159777"},"modified":"2020-03-24T06:23:56","modified_gmt":"2020-03-24T09:23:56","slug":"governador-joao-azevedo-fala-com-bolsonaro-e-faz-pedido-em-nome-da-paraiba","status":"publish","type":"post","link":"https:\/\/www.caririemacao.com\/1\/2020\/03\/24\/governador-joao-azevedo-fala-com-bolsonaro-e-faz-pedido-em-nome-da-paraiba\/","title":{"rendered":"Governador Jo\u00e3o Azevedo fala com Bolsonaro e faz pedido em nome da Para\u00edba"},"content":{"rendered":"\n<p>O governador Jo\u00e3o Azev\u00eado participou, nesta segunda-feira (23), de videoconfer\u00eancia com o presidente da Rep\u00fablica Jair Bolsonaro, ocasi\u00e3o em que foram discutidas a\u00e7\u00f5es de enfrentamento do coronav\u00edrus e apresentadas as respostas do governo federal \u00e0s demandas apresentadas pelo F\u00f3rum de Governadores do Brasil.<\/p>\n\n\n\n<p>Na oportunidade, o chefe do Executivo estadual cobrou a necessidade da institui\u00e7\u00e3o da renda b\u00e1sica da cidadania para atender neste momento os profissionais aut\u00f4nomos; solicitou o envio de insumos e equipamentos de prote\u00e7\u00e3o individual (EPI) e questionou sobre o prazo de entrega dos testes r\u00e1pidos para o diagn\u00f3stico da Covid-19 nos Estados.<\/p>\n\n\n\n<p>Dentre as a\u00e7\u00f5es sinalizadas pelo governo central de apoio aos Estados est\u00e3o a recomposi\u00e7\u00e3o do Fundo de Participa\u00e7\u00e3o dos Estados (FPE), libera\u00e7\u00e3o de recursos do Sistema \u00danico de Assist\u00eancia Social (Suas), renegocia\u00e7\u00e3o das d\u00edvidas dos Estados, aprova\u00e7\u00e3o do Plano Mansueto, libera\u00e7\u00e3o de opera\u00e7\u00f5es de cr\u00e9ditos e de benef\u00edcios do Bolsa Fam\u00edlia.<\/p>\n\n\n\n<p>\u201cEu acho que esse \u00e9 o caminho, de o governo federal assumir o que \u00e9 preciso, que \u00e9 o comando de todas as a\u00e7\u00f5es, em um momento t\u00e3o diferente no Brasil, que ter\u00e1 de rever, inclusive, v\u00e1rios conceitos, ap\u00f3s a sa\u00edda dessa crise, n\u00e3o s\u00f3 no campo econ\u00f4mico, mas de urbaniza\u00e7\u00e3o de cidades, por exemplo\u201d, pontuou Jo\u00e3o Azev\u00eado.<\/p>\n\n\n\n<p>O presidente da Rep\u00fablica Jair Bolsonaro agradeceu aos gestores estaduais pelo encontro. \u201cEu parabenizo pelos entendimentos e pela coopera\u00e7\u00e3o para se vencer os obst\u00e1culos\u201d, falou.<\/p>\n\n\n\n<p>O ministro da Sa\u00fade, Luiz Henrique Mandetta, detalhou aos governadores as medidas adotadas pela Pasta para combater o novo v\u00edrus e assegurou a libera\u00e7\u00e3o para os Estados de equipamentos e insumos, bem como a habilita\u00e7\u00e3o de leitos de interna\u00e7\u00e3o.<\/p>\n\n\n\n<p>Tamb\u00e9m participaram da videoconfer\u00eancia o vice-presidente da Rep\u00fablica, Hamilton Mour\u00e3o, e auxiliares da \u00e1rea Econ\u00f4mica e de Transportes.<\/p>\n","protected":false},"excerpt":{"rendered":"<p>O governador Jo\u00e3o Azev\u00eado participou, nesta segunda-feira (23), de videoconfer\u00eancia com o presidente da Rep\u00fablica Jair Bolsonaro, ocasi\u00e3o em que foram discutidas a\u00e7\u00f5es de enfrentamento&hellip; <\/p>\n","protected":false},"author":2,"featured_media":159778,"comment_status":"closed","ping_status":"closed","sticky":false,"template":"","format":"standard","meta":{"sfsi_plus_gutenberg_text_before_share":"","sfsi_plus_gutenberg_show_text_before_share":"","sfsi_plus_gutenberg_icon_type":"","sfsi_plus_gutenberg_icon_alignemt":"","sfsi_plus_gutenburg_max_per_row":"","footnotes":""},"categories":[2],"tags":[],"class_list":["post-159777","post","type-post","status-publish","format-standard","has-post-thumbnail","hentry","category-geral"],"_links":{"self":[{"href":"https:\/\/www.caririemacao.com\/1\/wp-json\/wp\/v2\/posts\/159777","targetHints":{"allow":["GET"]}}],"collection":[{"href":"https:\/\/www.caririemacao.com\/1\/wp-json\/wp\/v2\/posts"}],"about":[{"href":"https:\/\/www.caririemacao.com\/1\/wp-json\/wp\/v2\/types\/post"}],"author":[{"embeddable":true,"href":"https:\/\/www.caririemacao.com\/1\/wp-json\/wp\/v2\/users\/2"}],"replies":[{"embeddable":true,"href":"https:\/\/www.caririemacao.com\/1\/wp-json\/wp\/v2\/comments?post=159777"}],"version-history":[{"count":1,"href":"https:\/\/www.caririemacao.com\/1\/wp-json\/wp\/v2\/posts\/159777\/revisions"}],"predecessor-version":[{"id":159779,"href":"https:\/\/www.caririemacao.com\/1\/wp-json\/wp\/v2\/posts\/159777\/revisions\/159779"}],"wp:featuredmedia":[{"embeddable":true,"href":"https:\/\/www.caririemacao.com\/1\/wp-json\/wp\/v2\/media\/159778"}],"wp:attachment":[{"href":"https:\/\/www.caririemacao.com\/1\/wp-json\/wp\/v2\/media?parent=159777"}],"wp:term":[{"taxonomy":"category","embeddable":true,"href":"https:\/\/www.caririemacao.com\/1\/wp-json\/wp\/v2\/categories?post=159777"},{"taxonomy":"post_tag","embeddable":true,"href":"https:\/\/www.caririemacao.com\/1\/wp-json\/wp\/v2\/tags?post=159777"}],"curies":[{"name":"wp","href":"https:\/\/api.w.org\/{rel}","templated":true}]}}