{"id":159781,"date":"2020-03-24T06:25:33","date_gmt":"2020-03-24T09:25:33","guid":{"rendered":"http:\/\/www.caririemacao.com\/1\/?p=159781"},"modified":"2020-03-24T06:25:35","modified_gmt":"2020-03-24T09:25:35","slug":"ministro-do-supremo-suspende-cortes-no-bolsa-familia-no-nordeste","status":"publish","type":"post","link":"https:\/\/www.caririemacao.com\/1\/2020\/03\/24\/ministro-do-supremo-suspende-cortes-no-bolsa-familia-no-nordeste\/","title":{"rendered":"Ministro do Supremo suspende cortes no Bolsa Fam\u00edlia no Nordeste"},"content":{"rendered":"\n<p>&nbsp;O ministro do STF (Supremo Tribunal Federal) Marco Aur\u00e9lio Mello proibiu cortes no programa Bolsa Fam\u00edlia na regi\u00e3o Nordeste.<\/p>\n\n\n\n<p>A decis\u00e3o, feita em car\u00e1ter liminar, atende um pedido dos governos de Bahia, Cear\u00e1, Maranh\u00e3o, Para\u00edba, Pernambuco, Piau\u00ed e Rio Grande do Norte.<\/p>\n\n\n\n<p>\u201cOs dados sinalizam a tese jur\u00eddica veiculada e o dano de risco irrepar\u00e1vel a ensejar desequil\u00edbrio social e financeiro, especialmente considerada a pandemia que assola o pa\u00eds\u201d, diz o ministro na liminar. A a\u00e7\u00e3o ainda ter\u00e1 julgamento definitivo, mas n\u00e3o h\u00e1 data prevista.<\/p>\n\n\n\n<p>Na \u00faltima segunda (16), os governos de sete estados do Nordeste ajuizaram uma a\u00e7\u00e3o no STF questionando o represamento dos recursos do Bolsa Fam\u00edlia.<\/p>\n\n\n\n<p>Os estados alegaram que a diminui\u00e7\u00e3o dos recursos retira a efetividade do programa e promove um desequil\u00edbrio nas contas p\u00fablicas.<\/p>\n\n\n\n<p>No \u00faltimo ano, o Nordeste recebeu 3% dos novos benef\u00edcios enquanto Sul e Sudeste responderam por 75% das novas concess\u00f5es.<\/p>\n\n\n\n<p>Segundo a a\u00e7\u00e3o, em mar\u00e7o, 158 mil bolsas foram cortadas -61% delas no Nordeste.<\/p>\n\n\n\n<p>Marco Aur\u00e9lio ordenou que a libera\u00e7\u00e3o de recursos para novas bolsas deve ser \u201cuniforme\u201d considerados os estados da federa\u00e7\u00e3o.<\/p>\n\n\n\n<p>\u201cDefiro a liminar para determinar a suspens\u00e3o de cortes no Programa, enquanto perdurar o estado de calamidade p\u00fablica, e assentar que a libera\u00e7\u00e3o de recursos para novas inscri\u00e7\u00f5es seja uniforme considerados os Estados\u201d, diz a decis\u00e3o.<\/p>\n\n\n\n<p>Em nota, o Minist\u00e9rio da Cidadania afirmou que, por meio da portaria n\u00ba 335 publicada na sexta-feira (20), j\u00e1 havia estabelecido medidas emergenciais para o programa Bolsa Fam\u00edlia. Entre elas, a suspens\u00e3o de bloqueios e cancelamentos dos benef\u00edcios pelo prazo de 120 dias.<\/p>\n","protected":false},"excerpt":{"rendered":"<p>&nbsp;O ministro do STF (Supremo Tribunal Federal) Marco Aur\u00e9lio Mello proibiu cortes no programa Bolsa Fam\u00edlia na regi\u00e3o Nordeste. A decis\u00e3o, feita em car\u00e1ter liminar,&hellip; <\/p>\n","protected":false},"author":2,"featured_media":159782,"comment_status":"closed","ping_status":"closed","sticky":false,"template":"","format":"standard","meta":{"sfsi_plus_gutenberg_text_before_share":"","sfsi_plus_gutenberg_show_text_before_share":"","sfsi_plus_gutenberg_icon_type":"","sfsi_plus_gutenberg_icon_alignemt":"","sfsi_plus_gutenburg_max_per_row":"","footnotes":""},"categories":[11],"tags":[],"class_list":["post-159781","post","type-post","status-publish","format-standard","has-post-thumbnail","hentry","category-politica"],"_links":{"self":[{"href":"https:\/\/www.caririemacao.com\/1\/wp-json\/wp\/v2\/posts\/159781","targetHints":{"allow":["GET"]}}],"collection":[{"href":"https:\/\/www.caririemacao.com\/1\/wp-json\/wp\/v2\/posts"}],"about":[{"href":"https:\/\/www.caririemacao.com\/1\/wp-json\/wp\/v2\/types\/post"}],"author":[{"embeddable":true,"href":"https:\/\/www.caririemacao.com\/1\/wp-json\/wp\/v2\/users\/2"}],"replies":[{"embeddable":true,"href":"https:\/\/www.caririemacao.com\/1\/wp-json\/wp\/v2\/comments?post=159781"}],"version-history":[{"count":1,"href":"https:\/\/www.caririemacao.com\/1\/wp-json\/wp\/v2\/posts\/159781\/revisions"}],"predecessor-version":[{"id":159783,"href":"https:\/\/www.caririemacao.com\/1\/wp-json\/wp\/v2\/posts\/159781\/revisions\/159783"}],"wp:featuredmedia":[{"embeddable":true,"href":"https:\/\/www.caririemacao.com\/1\/wp-json\/wp\/v2\/media\/159782"}],"wp:attachment":[{"href":"https:\/\/www.caririemacao.com\/1\/wp-json\/wp\/v2\/media?parent=159781"}],"wp:term":[{"taxonomy":"category","embeddable":true,"href":"https:\/\/www.caririemacao.com\/1\/wp-json\/wp\/v2\/categories?post=159781"},{"taxonomy":"post_tag","embeddable":true,"href":"https:\/\/www.caririemacao.com\/1\/wp-json\/wp\/v2\/tags?post=159781"}],"curies":[{"name":"wp","href":"https:\/\/api.w.org\/{rel}","templated":true}]}}