{"id":159785,"date":"2020-03-24T06:26:54","date_gmt":"2020-03-24T09:26:54","guid":{"rendered":"http:\/\/www.caririemacao.com\/1\/?p=159785"},"modified":"2020-03-24T06:26:56","modified_gmt":"2020-03-24T09:26:56","slug":"pandemia-provoca-reducao-acentuada-no-consumo-de-energia-eletrica-e-de-combustiveis","status":"publish","type":"post","link":"https:\/\/www.caririemacao.com\/1\/2020\/03\/24\/pandemia-provoca-reducao-acentuada-no-consumo-de-energia-eletrica-e-de-combustiveis\/","title":{"rendered":"Pandemia provoca redu\u00e7\u00e3o acentuada no consumo de energia el\u00e9trica e de combust\u00edveis"},"content":{"rendered":"\n<p>&nbsp;O isolamento social para evitar cont\u00e1gio pelo coronav\u00edrus j\u00e1 tem impactos no consumo de energia e de combust\u00edveis no pa\u00eds. Nesta segunda (23), a ANP (Ag\u00eancia Nacional do Petr\u00f3leo, G\u00e1s e Biocombust\u00edveis) flexibilizou o hor\u00e1rio de funcionamento dos postos.<\/p>\n\n\n\n<p>Segundo o ONS (Operador Nacional do Sistema El\u00e9trico), o consumo de energia come\u00e7ou a apresentar sinais de retra\u00e7\u00e3o na quinta (19), quando foi 2,3% inferior ao verificado uma semana antes. No domingo (22), a queda foi de 8,9% na mesma base de compara\u00e7\u00e3o.<\/p>\n\n\n\n<p>Com isso, caiu tamb\u00e9m a necessidade de gera\u00e7\u00e3o hidrel\u00e9trica, o que possibilita a recupera\u00e7\u00e3o do n\u00edvel de armazenamento dos reservat\u00f3rios. No domingo, as usinas da regi\u00e3o Sudeste e Centro Oeste tinham 48,7% de sua capacidade. H\u00e1 um m\u00eas, eram 37,5%.<\/p>\n\n\n\n<p>De acordo com a Fecombust\u00edveis (Federa\u00e7\u00e3o Nacional do Com\u00e9rcio Varejista de Combust\u00edveis e Lubrificantes), os postos v\u00eam sentindo tamb\u00e9m os efeitos das medidas de isolamento.<\/p>\n\n\n\n<p>Na quinta (19), as vendas em S\u00e3o Paulo foram 39% menores do que a m\u00e9dia hist\u00f3rica para o munic\u00edpio. Em Goi\u00e2nia, a queda foi de 42%; em Porto Alegre, de 26%; e em Belo Horizonte, de 19%. Ainda n\u00e3o h\u00e1 dados compilados para todo o pa\u00eds.<\/p>\n\n\n\n<p>Com menos clientes, a entidade pediu \u00e0 ANP para reduzir o hor\u00e1rio m\u00ednimo de atendimento dos postos, que era de 7h \u00e0s 19h, e para decretar o fechamento obrigat\u00f3rio aos domingos. Apenas a primeira solicita\u00e7\u00e3o foi acatada.<\/p>\n\n\n\n<p>A decis\u00e3o foi publicada no Di\u00e1rio Oficial desta segunda, como parte de uma resolu\u00e7\u00e3o que estabelece medidas para evitar o abastecimento de combust\u00edveis durante a crise \u2013entre elas, a obriga\u00e7\u00e3o dos agentes em informar a ANP sobre altera\u00e7\u00e3o em rotinas operacionais.<\/p>\n\n\n\n<p>O presidente da Fecombust\u00edveis, Paulo Miranda, disse que o pedido para fechar os postos aos domingos tinha como objetivo reduzir despesas das empresas do setor. \u201cA venda aos domingos j\u00e1 despencou e mesmo assim temos que manter funcion\u00e1rios e pagar hora extra\u201d, alegou.<br><\/p>\n","protected":false},"excerpt":{"rendered":"<p>&nbsp;O isolamento social para evitar cont\u00e1gio pelo coronav\u00edrus j\u00e1 tem impactos no consumo de energia e de combust\u00edveis no pa\u00eds. Nesta segunda (23), a ANP&hellip; <\/p>\n","protected":false},"author":2,"featured_media":159786,"comment_status":"closed","ping_status":"closed","sticky":false,"template":"","format":"standard","meta":{"sfsi_plus_gutenberg_text_before_share":"","sfsi_plus_gutenberg_show_text_before_share":"","sfsi_plus_gutenberg_icon_type":"","sfsi_plus_gutenberg_icon_alignemt":"","sfsi_plus_gutenburg_max_per_row":"","footnotes":""},"categories":[2],"tags":[],"class_list":["post-159785","post","type-post","status-publish","format-standard","has-post-thumbnail","hentry","category-geral"],"_links":{"self":[{"href":"https:\/\/www.caririemacao.com\/1\/wp-json\/wp\/v2\/posts\/159785","targetHints":{"allow":["GET"]}}],"collection":[{"href":"https:\/\/www.caririemacao.com\/1\/wp-json\/wp\/v2\/posts"}],"about":[{"href":"https:\/\/www.caririemacao.com\/1\/wp-json\/wp\/v2\/types\/post"}],"author":[{"embeddable":true,"href":"https:\/\/www.caririemacao.com\/1\/wp-json\/wp\/v2\/users\/2"}],"replies":[{"embeddable":true,"href":"https:\/\/www.caririemacao.com\/1\/wp-json\/wp\/v2\/comments?post=159785"}],"version-history":[{"count":1,"href":"https:\/\/www.caririemacao.com\/1\/wp-json\/wp\/v2\/posts\/159785\/revisions"}],"predecessor-version":[{"id":159787,"href":"https:\/\/www.caririemacao.com\/1\/wp-json\/wp\/v2\/posts\/159785\/revisions\/159787"}],"wp:featuredmedia":[{"embeddable":true,"href":"https:\/\/www.caririemacao.com\/1\/wp-json\/wp\/v2\/media\/159786"}],"wp:attachment":[{"href":"https:\/\/www.caririemacao.com\/1\/wp-json\/wp\/v2\/media?parent=159785"}],"wp:term":[{"taxonomy":"category","embeddable":true,"href":"https:\/\/www.caririemacao.com\/1\/wp-json\/wp\/v2\/categories?post=159785"},{"taxonomy":"post_tag","embeddable":true,"href":"https:\/\/www.caririemacao.com\/1\/wp-json\/wp\/v2\/tags?post=159785"}],"curies":[{"name":"wp","href":"https:\/\/api.w.org\/{rel}","templated":true}]}}