{"id":159789,"date":"2020-03-24T06:28:13","date_gmt":"2020-03-24T09:28:13","guid":{"rendered":"http:\/\/www.caririemacao.com\/1\/?p=159789"},"modified":"2020-03-24T06:28:15","modified_gmt":"2020-03-24T09:28:15","slug":"presidente-do-tre-pb-admite-que-as-eleicoes-podem-ser-adiadas","status":"publish","type":"post","link":"https:\/\/www.caririemacao.com\/1\/2020\/03\/24\/presidente-do-tre-pb-admite-que-as-eleicoes-podem-ser-adiadas\/","title":{"rendered":"Presidente do TRE\/PB admite que as elei\u00e7\u00f5es podem ser adiadas"},"content":{"rendered":"\n<p>O presidente do Tribunal Regional Eleitoral da Para\u00edba, desembargador Jos\u00e9 Ricardo Porto admitiu que as elei\u00e7\u00f5es municipais podem ser adiadas, caso at\u00e9 um m\u00eas antes do pleito a situa\u00e7\u00e3o n\u00e3o tenha sido contornada, uma vez que, todo o processo eleitoral \u00e9 realizado dentro de um cen\u00e1rio que envolve reuni\u00f5es de pessoas em com\u00edcios, campanha corpo a corpo, conven\u00e7\u00f5es, entre outros fatores, que est\u00e3o proibidos hoje, pelos \u00f3rg\u00e3os de Sa\u00fade.<\/p>\n\n\n\n<p>Contudo, o presidente disse que o momento n\u00e3o \u00e9 adequado ainda para tomar as decis\u00f5es oficias sobre a realiza\u00e7\u00e3o das elei\u00e7\u00f5es, e que d\u00e1 para aguardar o desenrolar dos fatos respeitando o calend\u00e1rio eleitoral.<\/p>\n\n\n\n<p>As elei\u00e7\u00f5es deste ano come\u00e7am no dia 04 de agosto, com o in\u00edcio das campanhas eleitorais, e no&nbsp; 04 de outubro, dia da vota\u00e7\u00e3o.<\/p>\n\n\n\n<p>\u201c\u00c9 preciso, antes tudo, ter equil\u00edbrio, sensatez e bom senso. Caso o Covid-19 n\u00e3o seja debelado at\u00e9 um m\u00eas que antecede as elei\u00e7\u00f5es, e o clima continue de intranquilidade e desesperan\u00e7a, teremos um fato real e concreto que possibilite realmente se deliberar a respeito do adiamento das elei\u00e7\u00f5es\u201d, externou o desembargador<\/p>\n","protected":false},"excerpt":{"rendered":"<p>O presidente do Tribunal Regional Eleitoral da Para\u00edba, desembargador Jos\u00e9 Ricardo Porto admitiu que as elei\u00e7\u00f5es municipais podem ser adiadas, caso at\u00e9 um m\u00eas antes&hellip; <\/p>\n","protected":false},"author":2,"featured_media":159790,"comment_status":"closed","ping_status":"closed","sticky":false,"template":"","format":"standard","meta":{"sfsi_plus_gutenberg_text_before_share":"","sfsi_plus_gutenberg_show_text_before_share":"","sfsi_plus_gutenberg_icon_type":"","sfsi_plus_gutenberg_icon_alignemt":"","sfsi_plus_gutenburg_max_per_row":"","footnotes":""},"categories":[2],"tags":[],"class_list":["post-159789","post","type-post","status-publish","format-standard","has-post-thumbnail","hentry","category-geral"],"_links":{"self":[{"href":"https:\/\/www.caririemacao.com\/1\/wp-json\/wp\/v2\/posts\/159789","targetHints":{"allow":["GET"]}}],"collection":[{"href":"https:\/\/www.caririemacao.com\/1\/wp-json\/wp\/v2\/posts"}],"about":[{"href":"https:\/\/www.caririemacao.com\/1\/wp-json\/wp\/v2\/types\/post"}],"author":[{"embeddable":true,"href":"https:\/\/www.caririemacao.com\/1\/wp-json\/wp\/v2\/users\/2"}],"replies":[{"embeddable":true,"href":"https:\/\/www.caririemacao.com\/1\/wp-json\/wp\/v2\/comments?post=159789"}],"version-history":[{"count":1,"href":"https:\/\/www.caririemacao.com\/1\/wp-json\/wp\/v2\/posts\/159789\/revisions"}],"predecessor-version":[{"id":159791,"href":"https:\/\/www.caririemacao.com\/1\/wp-json\/wp\/v2\/posts\/159789\/revisions\/159791"}],"wp:featuredmedia":[{"embeddable":true,"href":"https:\/\/www.caririemacao.com\/1\/wp-json\/wp\/v2\/media\/159790"}],"wp:attachment":[{"href":"https:\/\/www.caririemacao.com\/1\/wp-json\/wp\/v2\/media?parent=159789"}],"wp:term":[{"taxonomy":"category","embeddable":true,"href":"https:\/\/www.caririemacao.com\/1\/wp-json\/wp\/v2\/categories?post=159789"},{"taxonomy":"post_tag","embeddable":true,"href":"https:\/\/www.caririemacao.com\/1\/wp-json\/wp\/v2\/tags?post=159789"}],"curies":[{"name":"wp","href":"https:\/\/api.w.org\/{rel}","templated":true}]}}