{"id":159795,"date":"2020-03-24T06:34:23","date_gmt":"2020-03-24T09:34:23","guid":{"rendered":"http:\/\/www.caririemacao.com\/1\/?p=159795"},"modified":"2020-03-24T06:34:24","modified_gmt":"2020-03-24T09:34:24","slug":"mais-um-grande-premio-da-temporada-2020-da-f-1-e-adiado","status":"publish","type":"post","link":"https:\/\/www.caririemacao.com\/1\/2020\/03\/24\/mais-um-grande-premio-da-temporada-2020-da-f-1-e-adiado\/","title":{"rendered":"Mais um Grande Pr\u00eamio da temporada 2020 da F-1 \u00e9 adiado"},"content":{"rendered":"\n<p>A F-1 anunciou nesta segunda-feira (23) que o GP de Baku, no Azerbaij\u00e3o, \u00e9 a oitava prova da temporada adiada pela pandemia da Covid-19. A corrida estava marcada para o dia 7 de junho e ainda n\u00e3o tem uma nova data para acontecer.<\/p>\n\n\n\n<p>Antes, Austr\u00e1lia, Bahrein, Vietn\u00e3, China, Holanda, Espanha e M\u00f4naco j\u00e1 haviam adiado ou cancelado (caso da tradicional etapa do principado) suas provas da temporada 2020.<\/p>\n\n\n\n<p>O cen\u00e1rio agora indica que n\u00e3o haver\u00e1 campeonato antes de 14 de junho, data marcada para o GP do Canad\u00e1. Incluir as etapas adiadas no restante do ano, em meio a outras 14 etapas cujas datas ainda est\u00e3o mantidas, se mostra uma tarefa cada vez mais complexa para a categoria.<\/p>\n","protected":false},"excerpt":{"rendered":"<p>A F-1 anunciou nesta segunda-feira (23) que o GP de Baku, no Azerbaij\u00e3o, \u00e9 a oitava prova da temporada adiada pela pandemia da Covid-19. A&hellip; <\/p>\n","protected":false},"author":2,"featured_media":159796,"comment_status":"closed","ping_status":"closed","sticky":false,"template":"","format":"standard","meta":{"sfsi_plus_gutenberg_text_before_share":"","sfsi_plus_gutenberg_show_text_before_share":"","sfsi_plus_gutenberg_icon_type":"","sfsi_plus_gutenberg_icon_alignemt":"","sfsi_plus_gutenburg_max_per_row":"","footnotes":""},"categories":[13],"tags":[],"class_list":["post-159795","post","type-post","status-publish","format-standard","has-post-thumbnail","hentry","category-esportes"],"_links":{"self":[{"href":"https:\/\/www.caririemacao.com\/1\/wp-json\/wp\/v2\/posts\/159795","targetHints":{"allow":["GET"]}}],"collection":[{"href":"https:\/\/www.caririemacao.com\/1\/wp-json\/wp\/v2\/posts"}],"about":[{"href":"https:\/\/www.caririemacao.com\/1\/wp-json\/wp\/v2\/types\/post"}],"author":[{"embeddable":true,"href":"https:\/\/www.caririemacao.com\/1\/wp-json\/wp\/v2\/users\/2"}],"replies":[{"embeddable":true,"href":"https:\/\/www.caririemacao.com\/1\/wp-json\/wp\/v2\/comments?post=159795"}],"version-history":[{"count":1,"href":"https:\/\/www.caririemacao.com\/1\/wp-json\/wp\/v2\/posts\/159795\/revisions"}],"predecessor-version":[{"id":159797,"href":"https:\/\/www.caririemacao.com\/1\/wp-json\/wp\/v2\/posts\/159795\/revisions\/159797"}],"wp:featuredmedia":[{"embeddable":true,"href":"https:\/\/www.caririemacao.com\/1\/wp-json\/wp\/v2\/media\/159796"}],"wp:attachment":[{"href":"https:\/\/www.caririemacao.com\/1\/wp-json\/wp\/v2\/media?parent=159795"}],"wp:term":[{"taxonomy":"category","embeddable":true,"href":"https:\/\/www.caririemacao.com\/1\/wp-json\/wp\/v2\/categories?post=159795"},{"taxonomy":"post_tag","embeddable":true,"href":"https:\/\/www.caririemacao.com\/1\/wp-json\/wp\/v2\/tags?post=159795"}],"curies":[{"name":"wp","href":"https:\/\/api.w.org\/{rel}","templated":true}]}}