{"id":159807,"date":"2020-03-24T06:37:59","date_gmt":"2020-03-24T09:37:59","guid":{"rendered":"http:\/\/www.caririemacao.com\/1\/?p=159807"},"modified":"2020-03-24T06:38:01","modified_gmt":"2020-03-24T09:38:01","slug":"paraiba-tem-25-pacientes-internados-com-suspeita-de-covid-19-sendo-11-em-uti","status":"publish","type":"post","link":"https:\/\/www.caririemacao.com\/1\/2020\/03\/24\/paraiba-tem-25-pacientes-internados-com-suspeita-de-covid-19-sendo-11-em-uti\/","title":{"rendered":"Para\u00edba tem 25 pacientes internados com suspeita de covid-19, sendo 11 em UTI"},"content":{"rendered":"\n<p>A Secretaria de Estado da Sa\u00fade do Governo da Para\u00edba divulgou na noite desta segunda-feira (23) os novos n\u00fameros do covid-19 na Para\u00edba.<\/p>\n\n\n\n<p>De acordo com as informa\u00e7\u00f5es divulgadas \u00e0s 20h desta segunda-feira, o estado da Para\u00edba segue com dois casos confirmados de coronav\u00edrus.<\/p>\n\n\n\n<p>O total de casos descartados chega a 61.<\/p>\n\n\n\n<p>O total de casos suspeitos chega a 25. Deste total, 11 est\u00e3o internados em Unidades de Tratamento Intensivo (UTI), sendo seis deles em hospitais privados, e 15 est\u00e3o internados em leito regular, nas cidades de Jo\u00e3o Pessoa, Cajazeiras, Souza e Campina Grande.<\/p>\n","protected":false},"excerpt":{"rendered":"<p>A Secretaria de Estado da Sa\u00fade do Governo da Para\u00edba divulgou na noite desta segunda-feira (23) os novos n\u00fameros do covid-19 na Para\u00edba. De acordo&hellip; <\/p>\n","protected":false},"author":2,"featured_media":159808,"comment_status":"closed","ping_status":"closed","sticky":false,"template":"","format":"standard","meta":{"sfsi_plus_gutenberg_text_before_share":"","sfsi_plus_gutenberg_show_text_before_share":"","sfsi_plus_gutenberg_icon_type":"","sfsi_plus_gutenberg_icon_alignemt":"","sfsi_plus_gutenburg_max_per_row":"","footnotes":""},"categories":[16],"tags":[],"class_list":["post-159807","post","type-post","status-publish","format-standard","has-post-thumbnail","hentry","category-saude"],"_links":{"self":[{"href":"https:\/\/www.caririemacao.com\/1\/wp-json\/wp\/v2\/posts\/159807","targetHints":{"allow":["GET"]}}],"collection":[{"href":"https:\/\/www.caririemacao.com\/1\/wp-json\/wp\/v2\/posts"}],"about":[{"href":"https:\/\/www.caririemacao.com\/1\/wp-json\/wp\/v2\/types\/post"}],"author":[{"embeddable":true,"href":"https:\/\/www.caririemacao.com\/1\/wp-json\/wp\/v2\/users\/2"}],"replies":[{"embeddable":true,"href":"https:\/\/www.caririemacao.com\/1\/wp-json\/wp\/v2\/comments?post=159807"}],"version-history":[{"count":1,"href":"https:\/\/www.caririemacao.com\/1\/wp-json\/wp\/v2\/posts\/159807\/revisions"}],"predecessor-version":[{"id":159809,"href":"https:\/\/www.caririemacao.com\/1\/wp-json\/wp\/v2\/posts\/159807\/revisions\/159809"}],"wp:featuredmedia":[{"embeddable":true,"href":"https:\/\/www.caririemacao.com\/1\/wp-json\/wp\/v2\/media\/159808"}],"wp:attachment":[{"href":"https:\/\/www.caririemacao.com\/1\/wp-json\/wp\/v2\/media?parent=159807"}],"wp:term":[{"taxonomy":"category","embeddable":true,"href":"https:\/\/www.caririemacao.com\/1\/wp-json\/wp\/v2\/categories?post=159807"},{"taxonomy":"post_tag","embeddable":true,"href":"https:\/\/www.caririemacao.com\/1\/wp-json\/wp\/v2\/tags?post=159807"}],"curies":[{"name":"wp","href":"https:\/\/api.w.org\/{rel}","templated":true}]}}