{"id":159811,"date":"2020-03-24T06:39:34","date_gmt":"2020-03-24T09:39:34","guid":{"rendered":"http:\/\/www.caririemacao.com\/1\/?p=159811"},"modified":"2020-03-24T06:39:35","modified_gmt":"2020-03-24T09:39:35","slug":"sao-joao-de-campina-grande-e-transferido-para-o-mes-de-outubro-devido-ao-coronavirus","status":"publish","type":"post","link":"https:\/\/www.caririemacao.com\/1\/2020\/03\/24\/sao-joao-de-campina-grande-e-transferido-para-o-mes-de-outubro-devido-ao-coronavirus\/","title":{"rendered":"S\u00e3o Jo\u00e3o de Campina Grande \u00e9 transferido para o m\u00eas de outubro devido ao Coronav\u00edrus"},"content":{"rendered":"\n<p>O prefeito de Campina Grande, Romero Rodrigues, divulgou no in\u00edcio da noite desta segunda-feira (23) as datas da realiza\u00e7\u00e3o do S\u00e3o Jo\u00e3o de Campina Grande.&nbsp;<\/p>\n\n\n\n<p>As festas foram adiadas para o m\u00eas de outubro, do dia 8 de outubro a 9 de novembro. A lista de artistas ser\u00e1 reorganizada conforme a disposi\u00e7\u00e3o dos artistas convidados. As festividades ser\u00e3o realizadas ap\u00f3s as elei\u00e7\u00f5es, antes do per\u00edodo natalino.<br><\/p>\n\n\n\n<p>As festas foram&nbsp;<a href=\"https:\/\/www.clickpb.com.br\/paraiba\/adiado-prefeito-vai-anunciar-nesta-segunda-feira-nova-data-do-sao-joao-de-campina-grande-280621.html\">adiadas devido a pandemia do novo coronav\u00edrus<\/a>.<\/p>\n\n\n\n<p>O an\u00fancio foi feito durante um v\u00eddeo ao vivo atrav\u00e9s das redes sociais.<\/p>\n\n\n\n<figure><iframe data-src=\"https:\/\/www.facebook.com\/plugins\/video.php?href=https%3A%2F%2Fwww.facebook.com%2FRomeroRodriguesPB%2Fvideos%2F213524193392732%2F&amp;show_text=1&amp;width=560\" width=\"560\" height=\"407\" allowfullscreen=\"true\" src=\"data:image\/svg+xml;base64,PHN2ZyB3aWR0aD0iMSIgaGVpZ2h0PSIxIiB4bWxucz0iaHR0cDovL3d3dy53My5vcmcvMjAwMC9zdmciPjwvc3ZnPg==\" class=\"lazyload\" data-load-mode=\"1\"><\/iframe><\/figure>\n\n\n\n<p>Campina Grande tem casos suspeitos de transmiss\u00e3o do novo coronav\u00edrus. At\u00e9 a publica\u00e7\u00e3o dessa mat\u00e9ria, dois casos da doen\u00e7a foram confirmados na Para\u00edba.<\/p>\n\n\n\n<p><em>NOTA OFICIAL<\/em><\/p>\n\n\n\n<p><em>Em fun\u00e7\u00e3o da crise, criada pela pandemia do Coronav\u00edrus; em atendimento \u00e0s normas de seguran\u00e7a \u00e0 sa\u00fade, determinadas pelas autoridades em sa\u00fade municipais, estaduais e federais; e em respeito aos campinenses, aos nossos patrocinadores, parceiros, comerciantes, trabalhadores, artistas, equipes t\u00e9cnicas e aos milhares de turistas que visitam o Parque do Povo, anualmente, durante os 31 dias d\u2019O Maior S\u00e3o Jo\u00e3o do Mundo; a Medow Entretenimento, em parceria com a Prefeitura Municipal de Campina Grande, optou pelo adiamento da data de realiza\u00e7\u00e3o do evento em 2020.&nbsp;<\/em><\/p>\n\n\n\n<p><em>A nova data ser\u00e1 de 09 de outubro a 08 de novembro de 2020.<\/em><\/p>\n\n\n\n<p><em>A Medow compreende a gravidade do momento pelo qual o mundo inteiro est\u00e1 passando e desde j\u00e1 coloca toda a sua estrutura \u00e0 disposi\u00e7\u00e3o das autoridades sanit\u00e1rias e competentes para, em caso de necessidade, montar postos de atendimento na Pir\u00e2mide e em toda a \u00e1rea do Parque do Povo.&nbsp; A hora \u00e9 de ter prud\u00eancia e sensatez, de ficar em casa e aguardar o momento certo para comemorarmos, do jeito que melhor sabemos fazer: em ritmo de forr\u00f3.<\/em><\/p>\n","protected":false},"excerpt":{"rendered":"<p>O prefeito de Campina Grande, Romero Rodrigues, divulgou no in\u00edcio da noite desta segunda-feira (23) as datas da realiza\u00e7\u00e3o do S\u00e3o Jo\u00e3o de Campina Grande.&nbsp;&hellip; <\/p>\n","protected":false},"author":2,"featured_media":159812,"comment_status":"closed","ping_status":"closed","sticky":false,"template":"","format":"standard","meta":{"sfsi_plus_gutenberg_text_before_share":"","sfsi_plus_gutenberg_show_text_before_share":"","sfsi_plus_gutenberg_icon_type":"","sfsi_plus_gutenberg_icon_alignemt":"","sfsi_plus_gutenburg_max_per_row":"","footnotes":""},"categories":[2],"tags":[],"class_list":["post-159811","post","type-post","status-publish","format-standard","has-post-thumbnail","hentry","category-geral"],"_links":{"self":[{"href":"https:\/\/www.caririemacao.com\/1\/wp-json\/wp\/v2\/posts\/159811","targetHints":{"allow":["GET"]}}],"collection":[{"href":"https:\/\/www.caririemacao.com\/1\/wp-json\/wp\/v2\/posts"}],"about":[{"href":"https:\/\/www.caririemacao.com\/1\/wp-json\/wp\/v2\/types\/post"}],"author":[{"embeddable":true,"href":"https:\/\/www.caririemacao.com\/1\/wp-json\/wp\/v2\/users\/2"}],"replies":[{"embeddable":true,"href":"https:\/\/www.caririemacao.com\/1\/wp-json\/wp\/v2\/comments?post=159811"}],"version-history":[{"count":1,"href":"https:\/\/www.caririemacao.com\/1\/wp-json\/wp\/v2\/posts\/159811\/revisions"}],"predecessor-version":[{"id":159813,"href":"https:\/\/www.caririemacao.com\/1\/wp-json\/wp\/v2\/posts\/159811\/revisions\/159813"}],"wp:featuredmedia":[{"embeddable":true,"href":"https:\/\/www.caririemacao.com\/1\/wp-json\/wp\/v2\/media\/159812"}],"wp:attachment":[{"href":"https:\/\/www.caririemacao.com\/1\/wp-json\/wp\/v2\/media?parent=159811"}],"wp:term":[{"taxonomy":"category","embeddable":true,"href":"https:\/\/www.caririemacao.com\/1\/wp-json\/wp\/v2\/categories?post=159811"},{"taxonomy":"post_tag","embeddable":true,"href":"https:\/\/www.caririemacao.com\/1\/wp-json\/wp\/v2\/tags?post=159811"}],"curies":[{"name":"wp","href":"https:\/\/api.w.org\/{rel}","templated":true}]}}