{"id":159821,"date":"2020-03-24T07:43:35","date_gmt":"2020-03-24T10:43:35","guid":{"rendered":"http:\/\/www.caririemacao.com\/1\/?p=159821"},"modified":"2020-03-24T07:43:37","modified_gmt":"2020-03-24T10:43:37","slug":"pm-registra-55-chamados-contra-aglomeracao-de-pessoas-em-bares-festas-e-comercios-abertos","status":"publish","type":"post","link":"https:\/\/www.caririemacao.com\/1\/2020\/03\/24\/pm-registra-55-chamados-contra-aglomeracao-de-pessoas-em-bares-festas-e-comercios-abertos\/","title":{"rendered":"PM registra 55 chamados contra aglomera\u00e7\u00e3o de pessoas em bares, festas e com\u00e9rcios abertos"},"content":{"rendered":"\n<p>A Pol\u00edcia Militar registrou&nbsp;55 chamados para dispersar aglomera\u00e7\u00e3o de pessoas na Para\u00edba. Foram visitados bares, festas de anivers\u00e1rio, restaurantes, eventos esportivos e religiosos e outros que estavam descumprindo a ordem de evitar que pessoas se reunissem e corressem o risco de transmitir ou ser infectado pelo coronav\u00edrus.<\/p>\n\n\n\n<p>Nesse domingo entrou em vigor o Decreto Estadual n\u00ba 40.135, com medidas emergenciais de preven\u00e7\u00e3o de cont\u00e1gio pelo COVID-19 (Novo Coronav\u00edrus), e a Pol\u00edcia Militar j\u00e1 tem um balan\u00e7o de como foi o primeiro dia em que as proibi\u00e7\u00f5es passaram a valer.<\/p>\n\n\n\n<p>Aconteceu hoje (23) uma confer\u00eancia do comandante-geral com todos os comandantes regionais. Entre os assuntos tratados, est\u00e3o a aten\u00e7\u00e3o para mais a\u00e7\u00f5es preventivas na regi\u00e3o do Vale do Pianc\u00f3, j\u00e1 que o segundo caso confirmado por coronav\u00edrus foi registrado na cidade de Igaracy, e a preocupa\u00e7\u00e3o com as feiras livres, que ontem registraram muita aglomera\u00e7\u00e3o.<\/p>\n\n\n\n<p><strong>Informa\u00e7\u00f5es<\/strong><\/p>\n\n\n\n<p>&#8211; A PM teve que atender ontem (22), das 8h \u00e0s 20h, 55 ocorr\u00eancias de locais onde havia aglomera\u00e7\u00f5es de pessoas;<\/p>\n\n\n\n<p>&#8211; Nesses locais, a Pol\u00edcia Militar fez abordagens preventivas e informou sobre o Decreto Estadual n\u00ba 40.135, de 20 de mar\u00e7o de 2020, que passou a valer a partir deste domingo, com medidas de preven\u00e7\u00e3o de cont\u00e1gio pelo COVID-19 (Novo Coronav\u00edrus), tais como a suspens\u00e3o, pelo prazo de 15 dias, de academias, gin\u00e1sios e centros esportivos p\u00fabicos e privados, shoppings, centros e galerias comerciais, bares, restaurantes (exceto por meio de servi\u00e7os de entrega), casas de festas, casas noturnas, boates e estabelecimentos similares, cinemas, teatros, circos, parques de divers\u00e3o e estabelecimentos cong\u00eaneres p\u00fablicos e privados, ag\u00eancias banc\u00e1rias e casas lot\u00e9ricas, ojas ou estabelecimentos que pratiquem o com\u00e9rcio, embarca\u00e7\u00f5es tur\u00edsticas de esporte e lazer em todo o litoral paraibano, missas e cultos;<\/p>\n\n\n\n<p>&#8211; S\u00f3 podem funcionar, de acordo com o decreto, \u00f3rg\u00e3os de imprensa, os caixas eletr\u00f4nicos banc\u00e1rios, os estabelecimentos m\u00e9dicos, odontol\u00f3gicos para servi\u00e7os de emerg\u00eancia, hospitalares, laborat\u00f3rios de an\u00e1lises cl\u00ednicas, farmac\u00eauticos, psicol\u00f3gicos, cl\u00ednicas de fisioterapia e de vacina\u00e7\u00e3o, distribuidoras e revendedoras de \u00e1gua e g\u00e1s, distribuidores de energia el\u00e9trica, servi\u00e7os de telecomunica\u00e7\u00f5es, seguran\u00e7a privada, postos de combust\u00edveis, funer\u00e1rias, padarias, cl\u00ednicas veterin\u00e1rias, lojas de produtos para animais, lavanderias e supermercados\/cong\u00eaneres;<\/p>\n\n\n\n<p>&#8211; Dos chamados deste primeiro dia de vigor do decreto, a maioria foram de den\u00fancias de bares abertos, o que estava promovendo aglomera\u00e7\u00e3o de clientes, com 26 casos;<\/p>\n\n\n\n<p>&#8211; A segunda maior incid\u00eancia foi a de locais onde estavam acontecendo festas (anivers\u00e1rio, churrasco e reuni\u00e3o entre amigos), com 17 casos;<\/p>\n\n\n\n<p>&#8211; Os outros chamados foram para 5 eventos esportivos (partidas de futebol sendo realizadas), 4 de celebra\u00e7\u00f5es religiosas e 3 de locais abertos ao p\u00fablico sem poder (balne\u00e1rio e restaurante);<\/p>\n\n\n\n<p>&#8211; A maioria dos chamados foram na cidade de Jo\u00e3o Pessoa, com 22 solicita\u00e7\u00f5es, sendo 15 para a ocorr\u00eancia de bares abertos, 4 para festas, 2 para restaurantes abertos e 1 de celebra\u00e7\u00e3o religiosa;<\/p>\n\n\n\n<p>&#8211; Os chamados na Capital foram para os bairros de Mana\u00edra (4 casos), Valentina (4 casos), Mangabeira (3 casos), Miramar, Roger, Grot\u00e3o, Funcion\u00e1rios II, Varadouro, Paratibe, Cristo, Tambauzinho, Cruz das Armas, Ip\u00eas e Funcion\u00e1rios IV (com 1 caso, cada);<\/p>\n\n\n\n<p>&#8211; Em Campina Grande, foram 19 chamados, sendo 10 para festas que estavam acontecendo, 3 para bares abertos, 3 para partidas de futebol que estavam sendo realizadas, 2 para celebra\u00e7\u00f5es religiosas e 1 para com\u00e9rcio aberto;<\/p>\n\n\n\n<p>&#8211; Em rela\u00e7\u00e3o as feiras de Oitizeiro, em Jo\u00e3o Pessoa, e da Prata, em Campina Grande, que registraram aglomera\u00e7\u00f5es de pessoas neste domingo, cujas imagens foram espalhadas em redes sociais, \u00e9 importante ressaltar que os decretos estadual e municipais (JP e CG) n\u00e3o trouxeram nenhum previs\u00e3o sobre o n\u00e3o funcionamento das feiras livres, portanto, cabe a consci\u00eancia das pessoas a pr\u00e1tica de evitar aglomera\u00e7\u00f5es nestes ambientes.<\/p>\n","protected":false},"excerpt":{"rendered":"<p>A Pol\u00edcia Militar registrou&nbsp;55 chamados para dispersar aglomera\u00e7\u00e3o de pessoas na Para\u00edba. Foram visitados bares, festas de anivers\u00e1rio, restaurantes, eventos esportivos e religiosos e outros&hellip; <\/p>\n","protected":false},"author":2,"featured_media":159822,"comment_status":"closed","ping_status":"closed","sticky":false,"template":"","format":"standard","meta":{"sfsi_plus_gutenberg_text_before_share":"","sfsi_plus_gutenberg_show_text_before_share":"","sfsi_plus_gutenberg_icon_type":"","sfsi_plus_gutenberg_icon_alignemt":"","sfsi_plus_gutenburg_max_per_row":"","footnotes":""},"categories":[12],"tags":[],"class_list":["post-159821","post","type-post","status-publish","format-standard","has-post-thumbnail","hentry","category-policia"],"_links":{"self":[{"href":"https:\/\/www.caririemacao.com\/1\/wp-json\/wp\/v2\/posts\/159821","targetHints":{"allow":["GET"]}}],"collection":[{"href":"https:\/\/www.caririemacao.com\/1\/wp-json\/wp\/v2\/posts"}],"about":[{"href":"https:\/\/www.caririemacao.com\/1\/wp-json\/wp\/v2\/types\/post"}],"author":[{"embeddable":true,"href":"https:\/\/www.caririemacao.com\/1\/wp-json\/wp\/v2\/users\/2"}],"replies":[{"embeddable":true,"href":"https:\/\/www.caririemacao.com\/1\/wp-json\/wp\/v2\/comments?post=159821"}],"version-history":[{"count":1,"href":"https:\/\/www.caririemacao.com\/1\/wp-json\/wp\/v2\/posts\/159821\/revisions"}],"predecessor-version":[{"id":159823,"href":"https:\/\/www.caririemacao.com\/1\/wp-json\/wp\/v2\/posts\/159821\/revisions\/159823"}],"wp:featuredmedia":[{"embeddable":true,"href":"https:\/\/www.caririemacao.com\/1\/wp-json\/wp\/v2\/media\/159822"}],"wp:attachment":[{"href":"https:\/\/www.caririemacao.com\/1\/wp-json\/wp\/v2\/media?parent=159821"}],"wp:term":[{"taxonomy":"category","embeddable":true,"href":"https:\/\/www.caririemacao.com\/1\/wp-json\/wp\/v2\/categories?post=159821"},{"taxonomy":"post_tag","embeddable":true,"href":"https:\/\/www.caririemacao.com\/1\/wp-json\/wp\/v2\/tags?post=159821"}],"curies":[{"name":"wp","href":"https:\/\/api.w.org\/{rel}","templated":true}]}}