{"id":159826,"date":"2020-03-24T07:46:53","date_gmt":"2020-03-24T10:46:53","guid":{"rendered":"http:\/\/www.caririemacao.com\/1\/?p=159826"},"modified":"2020-03-24T07:46:55","modified_gmt":"2020-03-24T10:46:55","slug":"infectologista-da-ufpb-defende-isolamento-social-e-teste-em-massa-para-covid-19","status":"publish","type":"post","link":"https:\/\/www.caririemacao.com\/1\/2020\/03\/24\/infectologista-da-ufpb-defende-isolamento-social-e-teste-em-massa-para-covid-19\/","title":{"rendered":"Infectologista da UFPB defende isolamento social e teste em massa para Covid-19"},"content":{"rendered":"\n<p>H\u00e1 uma d\u00e9cada, surto da gripe su\u00edna, causada pela cepa do v\u00edrus H1N1, atingiu mais de 75 pa\u00edses e deixou o mundo em alerta. Hoje, o novo coronav\u00edrus (Covid-19), pertencente \u00e0 fam\u00edlia de v\u00edrus que causam infec\u00e7\u00f5es respirat\u00f3rias, j\u00e1 provocou 34 mortes e 1.891 casos confirmados no Brasil, segundo o Minist\u00e9rio da Sa\u00fade.<\/p>\n\n\n\n<p>Em entrevista \u00e0 Assessoria de Comunica\u00e7\u00e3o Social (Ascom) da Universidade Federal da Para\u00edba (UFPB), a m\u00e9dica infectologista Ana Isabel Fernandes, membro da Comiss\u00e3o de Enfrentamento ao Coronav\u00edrus da UFPB, defende isolamento social e teste em massa para o v\u00edrus descoberto em 31 de dezembro do ano passado, ap\u00f3s casos registrados na China.<\/p>\n\n\n\n<p>Al\u00e9m disso, a especialista compara a nova doen\u00e7a com a gripe su\u00edna de 2009; analisa se o n\u00famero de leitos na Para\u00edba \u00e9 suficiente; e faz proje\u00e7\u00e3o da pandemia e para a cria\u00e7\u00e3o de vacina. Confira abaixo:<\/p>\n\n\n\n<p><strong>Ascom: O H1N1 tamb\u00e9m foi uma pandemia, em 2009. O coronav\u00edrus \u00e9 mais grave? Ou as redes sociais e a m\u00eddia intensificam a sensa\u00e7\u00e3o de perigo?<\/strong><br><\/p>\n\n\n\n<p>Ana Isabel Fernandes: O H1N1 tamb\u00e9m foi uma pandemia que matou muita gente, mas j\u00e1 existiam alguns antivirais que funcionavam contra ele. Ent\u00e3o, o impacto da letalidade n\u00e3o foi t\u00e3o grande. O que acontece com o Covid-19 \u00e9 que \u00e9 uma transmiss\u00e3o muito explosiva e os casos graves v\u00e3o necessitar de respirador, isso corresponde a 5% dos infectados.<\/p>\n\n\n\n<p>Se isso acontece de uma vez, uma popula\u00e7\u00e3o, \u00e9 um impacto muito grande para os servi\u00e7os de sa\u00fade, que n\u00e3o v\u00e3o ter leitos suficientes para absorver esses casos. E como n\u00e3o existe um antiviral ainda, testado e j\u00e1 aprovado para uso, fica muito mais dif\u00edcil&nbsp; tratar esses doentes, e a doen\u00e7a se prolonga muito mais. Dura em torno de tr\u00eas semanas o tempo de interna\u00e7\u00e3o, ent\u00e3o \u00e9 bem diferente do H1N1, que era algo mais r\u00e1pido.<\/p>\n\n\n\n<p><strong>Ascom: O segundo cont\u00e1gio de uma mesma pessoa \u00e9 poss\u00edvel? Se sim, isso pode acarretar nova prolifera\u00e7\u00e3o ap\u00f3s o per\u00edodo de quarentena?<\/strong><br><\/p>\n\n\n\n<p>Ana Isabel Fernandes: Ainda n\u00e3o sabemos se \u00e9 poss\u00edvel reinfec\u00e7\u00e3o dentro de uma mesma onda de epidemia. Possivelmente v\u00edrus sofre muta\u00e7\u00f5es e vai ser poss\u00edvel as pessoas terem infec\u00e7\u00e3o de novo.<br>Mas essas respostas ainda n\u00e3o se t\u00eam. Precisa de mais algum tempo para observar como a pandemia vai se comportar.<\/p>\n\n\n\n<p>H\u00e1 uma preocupa\u00e7\u00e3o do tempo de distanciamento social n\u00e3o ser o suficiente para a gente evitar que as pessoas que n\u00e3o tiveram o cont\u00e1gio possam ter de forma explosiva quando se liberar a normalidade das coisas.<\/p>\n\n\n\n<p>Mas eu creio que os governos est\u00e3o atentos para isso e n\u00e3o v\u00e3o liberar a circula\u00e7\u00e3o das pessoas antes de se ter uma comprova\u00e7\u00e3o de como as coisas est\u00e3o acontecendo em cada lugar.&nbsp;&nbsp;<\/p>\n\n\n\n<p><strong>Ascom: As medidas repressivas s\u00e3o necess\u00e1rias pra reter a propaga\u00e7\u00e3o do v\u00edrus?<\/strong><br><\/p>\n\n\n\n<p>Ana Isabel Fernandes: As medidas tomadas foram de extrema import\u00e2ncia. Creio que a gente ainda n\u00e3o tem, aqui, pelo menos em Jo\u00e3o Pessoa, uma situa\u00e7\u00e3o de calamidade porque essas decis\u00f5es foram tomadas, a exemplo da UFPB, que fez isso de forma muito respons\u00e1vel, no momento exato que precis\u00e1vamos fazer.<\/p>\n\n\n\n<p>Muitas pessoas, ainda descrentes, n\u00e3o acreditam muito na necessidade desse isolamento social. \u00c9 preciso que elas se conscientizem, porque \u00e9 algo que, se um fizer e o outro n\u00e3o fizer, a gente pode n\u00e3o ter o sucesso desejado.<\/p>\n\n\n\n<p>\u00c9 necess\u00e1rio que as pessoas entendam que n\u00e3o podem sair correndo para o supermercado e se aglomerarem l\u00e1. Est\u00e3o dispensadas do trabalho, mas se aglomeram fazendo compras. Tudo precisa ser controlado, agora.&nbsp;&nbsp;<\/p>\n\n\n\n<p><strong>Ascom: H\u00e1 diverg\u00eancias entre a OMS e o Minist\u00e9rio da Sa\u00fade sobre os testes em massa ou apenas casos suspeitos. Qual sua avalia\u00e7\u00e3o?<\/strong><br><\/p>\n\n\n\n<p>Ana Isabel Fernandes: Eu concordo com a necessidade de se fazer teste em massa, porque quando a gente testa mais, a gente sabe onde a doen\u00e7a est\u00e1 se proliferando mais, \u00e1reas da cidade, e outras medidas mais agressivas podem ser tomadas.<\/p>\n\n\n\n<p>Ent\u00e3o \u00e9 superimportante, a exemplo de tantos pa\u00edses que fizeram os testes, inclusive para liberar os pacientes&nbsp; dos isolamentos. Se j\u00e1 negativou o exame, ent\u00e3o o indiv\u00edduo pode conviver socialmente. Se testar positivo, prolonga-se o isolamento. \u00c9 importante que a gente tamb\u00e9m tenha essa ferramenta de controle da infec\u00e7\u00e3o em uma comunidade.<\/p>\n\n\n\n<p><strong>Ascom: O que o Brasil est\u00e1 fazendo de certo e errado no combate \u00e0 doen\u00e7a? Que medidas que ainda n\u00e3o adotou deveria tomar?<\/strong><br><\/p>\n\n\n\n<p>Ana Isabel Fernandes: N\u00e3o adianta, muito, ficar olhando para o passado, mas a gente tinha como evitar esse caos que est\u00e1 acontecendo. N\u00e3o havia a transmiss\u00e3o local no Brasil. Se a gente tivesse feito o controle das viagens internacionais, evitaria que pessoas infectadas que vieram do exterior circulassem normalmente no pa\u00eds.<\/p>\n\n\n\n<p>Essas pessoas precisavam ter&nbsp; sido monitoradas. Pelo menos as que tinham sintomas deviam evitar circula\u00e7\u00e3o. Talvez dev\u00eassemos ter suspendido, por exemplo, o carnaval, porque os casos explodiram depois. Com essa abertura, chegam muitos turistas, uma circula\u00e7\u00e3o muito grande de pessoas.<\/p>\n\n\n\n<p>Se tiv\u00e9ssemos tomado esses tipos de medidas no in\u00edcio, talvez tiv\u00e9ssemos evitado esta situa\u00e7\u00e3o. Outro momento que foi crucial: quando S\u00e3o Paulo explodiu com seus casos, o Minist\u00e9rio da Sa\u00fade precisaria ter antecipado os bloqueios \u00e0s mobilidades das pessoas de l\u00e1 para outros estados. Dev\u00edamos ter coletado amostras, isolado as pessoas sintom\u00e1ticas e orientado a quarentena para as que tinham chegado de viagem.<\/p>\n\n\n\n<p><strong>Ascom: O n\u00famero de leitos disponibilizados na Para\u00edba \u00e9 suficiente?<\/strong><br><\/p>\n\n\n\n<p>Ana Isabel Fernandes: Nenhum estado do pa\u00eds est\u00e1 pronto para uma pandemia dessa monta. A gente v\u00ea pa\u00edses de primeiro mundo sofrendo por falta de leitos. \u00c9 muito dif\u00edcil fazer uma coloca\u00e7\u00e3o de que estamos tranquilos com o n\u00famero de leitos. N\u00e3o estamos.<\/p>\n\n\n\n<p>As provid\u00eancias est\u00e3o sendo tomadas. Redes hospitalares est\u00e3o sendo ampliadas. Leitos est\u00e3o sendo alocados para isso e a organiza\u00e7\u00e3o de poss\u00edveis Unidades de Terapia Intensiva (UTI). Tudo isso est\u00e1 sendo feito meio que em cima da hora, mas que est\u00e1 sendo resolvido e encaminhado de forma importante.<\/p>\n\n\n\n<p>Contudo, o que eu acho que de mais importante fizemos foi o distanciamento social. Essa medida foi a mais importante para a gente n\u00e3o estar em uma situa\u00e7\u00e3o ca\u00f3tica como Recife, com falta de plantonistas, com m\u00e9dico j\u00e1 adoecendo, com furos de escalas e a necessidade de ampliar todo o corpo cl\u00ednico de todos os servi\u00e7os.<\/p>\n\n\n\n<p><strong>Ascom: Que proje\u00e7\u00e3o voc\u00ea faz para essa pandemia na Para\u00edba?<\/strong><br><\/p>\n\n\n\n<p>Ana Isabel Fernandes: Eu tenho esperan\u00e7a de que o nosso cen\u00e1rio vai ser um pouco diferente porque n\u00f3s come\u00e7amos as medidas de conten\u00e7\u00e3o antes de termos, at\u00e9, confirma\u00e7\u00e3o de casos, aqui. Quando os estados vizinhos anunciavam os seus primeiros casos, n\u00f3s j\u00e1 fizemos as medidas de conten\u00e7\u00e3o. Isso adiou pelo menos em duas semanas o surgimento de casos e, talvez, a maior gravidade deles.<\/p>\n\n\n\n<p>Eu tenho esperan\u00e7a de que podemos fazer muito. Acho que as autoridades, a universidade, as sociedades cient\u00edficas t\u00eam se unido de forma muito importante para cada um dar a sua contribui\u00e7\u00e3o no sentido de combatermos esse mal que tem assolado e deixado o mundo perplexo e parado.<\/p>\n\n\n\n<p>Podemos tirar algo positivo de tudo isso se entendermos os movimentos que estamos fazendo agora, de coopera\u00e7\u00e3o, de uni\u00e3o em torno de um objetivo, que \u00e9 importante para todos. N\u00e3o adianta eu ter \u00e1lcool em gel se meu vizinho n\u00e3o tiver. N\u00e3o adianta eu fazer o isolamento social se meu vizinho n\u00e3o fizer.<\/p>\n\n\n\n<p>\u00c9 preciso que todos entrem em uma sintonia e se empenhem no combate a essa doen\u00e7a. Medidas educativas ainda s\u00e3o muito necess\u00e1rias. \u00c9 preciso que cada um v\u00e1 multiplicando. Assim como o v\u00edrus faz, ao sair contagiando todo mundo, a gente tamb\u00e9m pode fazer esse movimento, contagiar com o bem, com informa\u00e7\u00e3o, com medidas necess\u00e1rias para o combate \u00e0 doen\u00e7a.&nbsp;&nbsp;<\/p>\n\n\n\n<p><strong>Ascom: Como a senhora v\u00ea o desenvolvimento de vacina e de cura para a doen\u00e7a?<\/strong><br><\/p>\n\n\n\n<p>Ana Isabel Fernandes: As vacinas s\u00e3o extremamente promissoras. Muitas grandes empresas trabalhando para esse fim. No entanto, a gente n\u00e3o vai ter isso em curto prazo. Acredito que para o pr\u00f3ximo ano, nas muta\u00e7\u00f5es do v\u00edrus, a gente vai poder evitar novas ondas dessa epidemia, mas, para agora, n\u00e3o temos nenhuma perspectiva. Mas h\u00e1 chances muito boas de sair uma vacina e antivirais tamb\u00e9m.<\/p>\n\n\n\n<p>Ascom\/ UFPB<\/p>\n","protected":false},"excerpt":{"rendered":"<p>H\u00e1 uma d\u00e9cada, surto da gripe su\u00edna, causada pela cepa do v\u00edrus H1N1, atingiu mais de 75 pa\u00edses e deixou o mundo em alerta. Hoje,&hellip; <\/p>\n","protected":false},"author":2,"featured_media":159827,"comment_status":"closed","ping_status":"closed","sticky":false,"template":"","format":"standard","meta":{"sfsi_plus_gutenberg_text_before_share":"","sfsi_plus_gutenberg_show_text_before_share":"","sfsi_plus_gutenberg_icon_type":"","sfsi_plus_gutenberg_icon_alignemt":"","sfsi_plus_gutenburg_max_per_row":"","footnotes":""},"categories":[50,2],"tags":[],"class_list":["post-159826","post","type-post","status-publish","format-standard","has-post-thumbnail","hentry","category-destaque","category-geral"],"_links":{"self":[{"href":"https:\/\/www.caririemacao.com\/1\/wp-json\/wp\/v2\/posts\/159826","targetHints":{"allow":["GET"]}}],"collection":[{"href":"https:\/\/www.caririemacao.com\/1\/wp-json\/wp\/v2\/posts"}],"about":[{"href":"https:\/\/www.caririemacao.com\/1\/wp-json\/wp\/v2\/types\/post"}],"author":[{"embeddable":true,"href":"https:\/\/www.caririemacao.com\/1\/wp-json\/wp\/v2\/users\/2"}],"replies":[{"embeddable":true,"href":"https:\/\/www.caririemacao.com\/1\/wp-json\/wp\/v2\/comments?post=159826"}],"version-history":[{"count":1,"href":"https:\/\/www.caririemacao.com\/1\/wp-json\/wp\/v2\/posts\/159826\/revisions"}],"predecessor-version":[{"id":159828,"href":"https:\/\/www.caririemacao.com\/1\/wp-json\/wp\/v2\/posts\/159826\/revisions\/159828"}],"wp:featuredmedia":[{"embeddable":true,"href":"https:\/\/www.caririemacao.com\/1\/wp-json\/wp\/v2\/media\/159827"}],"wp:attachment":[{"href":"https:\/\/www.caririemacao.com\/1\/wp-json\/wp\/v2\/media?parent=159826"}],"wp:term":[{"taxonomy":"category","embeddable":true,"href":"https:\/\/www.caririemacao.com\/1\/wp-json\/wp\/v2\/categories?post=159826"},{"taxonomy":"post_tag","embeddable":true,"href":"https:\/\/www.caririemacao.com\/1\/wp-json\/wp\/v2\/tags?post=159826"}],"curies":[{"name":"wp","href":"https:\/\/api.w.org\/{rel}","templated":true}]}}