{"id":159831,"date":"2020-03-24T07:48:23","date_gmt":"2020-03-24T10:48:23","guid":{"rendered":"http:\/\/www.caririemacao.com\/1\/?p=159831"},"modified":"2020-03-24T07:48:25","modified_gmt":"2020-03-24T10:48:25","slug":"houve-um-erro-na-redacao-diz-guedes-sobre-mp-927-que-permite-suspensao-de-salarios-por-4-meses","status":"publish","type":"post","link":"https:\/\/www.caririemacao.com\/1\/2020\/03\/24\/houve-um-erro-na-redacao-diz-guedes-sobre-mp-927-que-permite-suspensao-de-salarios-por-4-meses\/","title":{"rendered":"&#8216;Houve um erro na reda\u00e7\u00e3o&#8217;, diz Guedes sobre MP 927, que permite suspens\u00e3o de sal\u00e1rios por 4 meses"},"content":{"rendered":"\n<p>O ministro da Economia, Paulo Guedes, disse ao GLOBO que a publica\u00e7\u00e3o da medida provis\u00f3ria (MP) 927 com o trecho que permite a suspens\u00e3o de contratos de trabalho por at\u00e9 quatro meses, sem pagamento de sal\u00e1rio, foi causada por um erro de reda\u00e7\u00e3o. O trecho ser\u00e1 revogado pelo presidente Jair Bolsonaro.<br><\/p>\n\n\n\n<p>Segundo o ministro, o objetivo da equipe econ\u00f4mica era preservar os v\u00ednculos empregat\u00edcios, mas o texto acabou sendo publicado \u00e0s pressas. Guedes afirmou ainda que a nova reda\u00e7\u00e3o deve conter medidas semelhantes, por\u00e9m voltadas a setores mais afetados pela crise do coronav\u00edrus.<\/p>\n\n\n\n<p>\u2014 Isso (suspens\u00e3o de sal\u00e1rio) jamais foi considerado. Houve um erro na reda\u00e7\u00e3o da MP. O que se queria era evitar as demiss\u00f5es em massa, dando alguma flexibilidade de sal\u00e1rio, mas com o governo complementando, como est\u00e1 sendo feita em v\u00e1rias economias \u2014 afirmou o ministro, por telefone.<\/p>\n\n\n\n<p>S\u00e3o Paulo:&nbsp; Supremo suspende d\u00edvida do estado com a Uni\u00e3o por seis meses<\/p>\n\n\n\n<p>Na semana passada, o governo anunciou que permitiria que empregadores poderiam reduzir em at\u00e9 50% sal\u00e1rios e jornada de trabalho de funcion\u00e1rios. Em compensa\u00e7\u00e3o, trabalhadores com renda mais baixa afetados pelos cortes poderiam antecipar at\u00e9 25% do valor do seguro-desemprego a que teriam direito.<\/p>\n\n\n\n<p>Nada disso estava na MP 927. No lugar disso, entrou a previs\u00e3o de que trabalhadores ficariam com contratos suspensos por at\u00e9 quatro meses e a possibilidade de que empregadores pagassem apenas uma ajuda de custo durante o per\u00edodo \u2014 ou at\u00e9 nenhuma remunera\u00e7\u00e3o.<\/p>\n\n\n\n<p><strong>Medidas para setores mais afetados<\/strong><br><\/p>\n\n\n\n<p>Ao GLOBO, Guedes antecipou que a equipe econ\u00f4mica deve elaborar outras medidas para evitar demiss\u00f5es em setores espec\u00edficos. O governo planeja editar uma norma diferente para a regra de redu\u00e7\u00e3o de jornada e sal\u00e1rios para segmentos como o de bares e restaurantes.<\/p>\n\n\n\n<p>Nesse caso, o corte permitido seria maior que os 50% anunciados. As empresas pagariam apenas 1\/3 do valor do sal\u00e1rio. O governo completaria mais 1\/3. Nesse exemplo, um trabalhador que recebe R$ 2.100 passaria a receber R$ 1.400 \u2014 a empresa pagaria R$ 700 e o governo, outros R$ 700.<\/p>\n\n\n\n<p>A edi\u00e7\u00e3o de novas medidas vai depender, agora, de uma nova rodada de convencimento por parte da equipe econ\u00f4mica junto ao presidente Jair Bolsonaro. O presidente, que anunciou que vetaria o artigo que trata da suspens\u00e3o de contrato, solicitou que a equipe de Guedes reescreva a MP.<\/p>\n","protected":false},"excerpt":{"rendered":"<p>O ministro da Economia, Paulo Guedes, disse ao GLOBO que a publica\u00e7\u00e3o da medida provis\u00f3ria (MP) 927 com o trecho que permite a suspens\u00e3o de&hellip; <\/p>\n","protected":false},"author":2,"featured_media":158343,"comment_status":"closed","ping_status":"closed","sticky":false,"template":"","format":"standard","meta":{"sfsi_plus_gutenberg_text_before_share":"","sfsi_plus_gutenberg_show_text_before_share":"","sfsi_plus_gutenberg_icon_type":"","sfsi_plus_gutenberg_icon_alignemt":"","sfsi_plus_gutenburg_max_per_row":"","footnotes":""},"categories":[11],"tags":[],"class_list":["post-159831","post","type-post","status-publish","format-standard","has-post-thumbnail","hentry","category-politica"],"_links":{"self":[{"href":"https:\/\/www.caririemacao.com\/1\/wp-json\/wp\/v2\/posts\/159831","targetHints":{"allow":["GET"]}}],"collection":[{"href":"https:\/\/www.caririemacao.com\/1\/wp-json\/wp\/v2\/posts"}],"about":[{"href":"https:\/\/www.caririemacao.com\/1\/wp-json\/wp\/v2\/types\/post"}],"author":[{"embeddable":true,"href":"https:\/\/www.caririemacao.com\/1\/wp-json\/wp\/v2\/users\/2"}],"replies":[{"embeddable":true,"href":"https:\/\/www.caririemacao.com\/1\/wp-json\/wp\/v2\/comments?post=159831"}],"version-history":[{"count":1,"href":"https:\/\/www.caririemacao.com\/1\/wp-json\/wp\/v2\/posts\/159831\/revisions"}],"predecessor-version":[{"id":159832,"href":"https:\/\/www.caririemacao.com\/1\/wp-json\/wp\/v2\/posts\/159831\/revisions\/159832"}],"wp:featuredmedia":[{"embeddable":true,"href":"https:\/\/www.caririemacao.com\/1\/wp-json\/wp\/v2\/media\/158343"}],"wp:attachment":[{"href":"https:\/\/www.caririemacao.com\/1\/wp-json\/wp\/v2\/media?parent=159831"}],"wp:term":[{"taxonomy":"category","embeddable":true,"href":"https:\/\/www.caririemacao.com\/1\/wp-json\/wp\/v2\/categories?post=159831"},{"taxonomy":"post_tag","embeddable":true,"href":"https:\/\/www.caririemacao.com\/1\/wp-json\/wp\/v2\/tags?post=159831"}],"curies":[{"name":"wp","href":"https:\/\/api.w.org\/{rel}","templated":true}]}}