{"id":159835,"date":"2020-03-24T07:49:24","date_gmt":"2020-03-24T10:49:24","guid":{"rendered":"http:\/\/www.caririemacao.com\/1\/?p=159835"},"modified":"2020-03-24T07:49:27","modified_gmt":"2020-03-24T10:49:27","slug":"brasil-tem-1-891-casos-confirmados-e-34-mortos-por-coronavirus","status":"publish","type":"post","link":"https:\/\/www.caririemacao.com\/1\/2020\/03\/24\/brasil-tem-1-891-casos-confirmados-e-34-mortos-por-coronavirus\/","title":{"rendered":"Brasil tem 1.891 casos confirmados e 34 mortos por coronav\u00edrus"},"content":{"rendered":"\n<p>O Minist\u00e9rio da Sa\u00fade anunciou na tarde desta segunda-feira (23) que o Brasil tem 1.891 casos confirmados de coronav\u00edrus.&nbsp;<\/p>\n\n\n\n<p>Um total de 34 mortes foram confirmadas.<\/p>\n\n\n\n<p>A informa\u00e7\u00e3o foi divulgada no perfil oficial do&nbsp;<a href=\"https:\/\/twitter.com\/minsaude\/status\/1242182823240441856?ref_src=twsrc%5Etfw%7Ctwcamp%5Etweetembed%7Ctwterm%5E1242183045819621378&amp;ref_url=https%3A%2F%2Fnoticias.uol.com.br%2Fsaude%2Fultimas-noticias%2Fredacao%2F2020%2F03%2F23%2Fcovid-19-brasil-tem-1891-casos-confirmados-e-34-mortos-diz-ministerio.htm\">Minist\u00e9rio da Sa\u00fade no Twitter.<\/a><\/p>\n\n\n\n<p>O relat\u00f3rio abrange casos registrados at\u00e9 \u00e0s 16h desta segunda-feira. Confira abaixo:<\/p>\n\n\n\n<figure class=\"wp-block-image\"><img decoding=\"async\" data-src=\"https:\/\/www.clickpb.com.br\/media\/filer_public\/3b\/cf\/3bcf0599-2e00-4dfc-8ec9-d637a8541aba\/et0e3_qx0a8fyfm.jpg\" alt=\"\" src=\"data:image\/svg+xml;base64,PHN2ZyB3aWR0aD0iMSIgaGVpZ2h0PSIxIiB4bWxucz0iaHR0cDovL3d3dy53My5vcmcvMjAwMC9zdmciPjwvc3ZnPg==\" class=\"lazyload\" \/><\/figure>\n","protected":false},"excerpt":{"rendered":"<p>O Minist\u00e9rio da Sa\u00fade anunciou na tarde desta segunda-feira (23) que o Brasil tem 1.891 casos confirmados de coronav\u00edrus.&nbsp; Um total de 34 mortes foram&hellip; <\/p>\n","protected":false},"author":2,"featured_media":159063,"comment_status":"closed","ping_status":"closed","sticky":false,"template":"","format":"standard","meta":{"sfsi_plus_gutenberg_text_before_share":"","sfsi_plus_gutenberg_show_text_before_share":"","sfsi_plus_gutenberg_icon_type":"","sfsi_plus_gutenberg_icon_alignemt":"","sfsi_plus_gutenburg_max_per_row":"","footnotes":""},"categories":[2],"tags":[],"class_list":["post-159835","post","type-post","status-publish","format-standard","has-post-thumbnail","hentry","category-geral"],"_links":{"self":[{"href":"https:\/\/www.caririemacao.com\/1\/wp-json\/wp\/v2\/posts\/159835","targetHints":{"allow":["GET"]}}],"collection":[{"href":"https:\/\/www.caririemacao.com\/1\/wp-json\/wp\/v2\/posts"}],"about":[{"href":"https:\/\/www.caririemacao.com\/1\/wp-json\/wp\/v2\/types\/post"}],"author":[{"embeddable":true,"href":"https:\/\/www.caririemacao.com\/1\/wp-json\/wp\/v2\/users\/2"}],"replies":[{"embeddable":true,"href":"https:\/\/www.caririemacao.com\/1\/wp-json\/wp\/v2\/comments?post=159835"}],"version-history":[{"count":1,"href":"https:\/\/www.caririemacao.com\/1\/wp-json\/wp\/v2\/posts\/159835\/revisions"}],"predecessor-version":[{"id":159837,"href":"https:\/\/www.caririemacao.com\/1\/wp-json\/wp\/v2\/posts\/159835\/revisions\/159837"}],"wp:featuredmedia":[{"embeddable":true,"href":"https:\/\/www.caririemacao.com\/1\/wp-json\/wp\/v2\/media\/159063"}],"wp:attachment":[{"href":"https:\/\/www.caririemacao.com\/1\/wp-json\/wp\/v2\/media?parent=159835"}],"wp:term":[{"taxonomy":"category","embeddable":true,"href":"https:\/\/www.caririemacao.com\/1\/wp-json\/wp\/v2\/categories?post=159835"},{"taxonomy":"post_tag","embeddable":true,"href":"https:\/\/www.caririemacao.com\/1\/wp-json\/wp\/v2\/tags?post=159835"}],"curies":[{"name":"wp","href":"https:\/\/api.w.org\/{rel}","templated":true}]}}