{"id":159846,"date":"2020-03-24T07:59:08","date_gmt":"2020-03-24T10:59:08","guid":{"rendered":"http:\/\/www.caririemacao.com\/1\/?p=159846"},"modified":"2020-03-24T07:59:10","modified_gmt":"2020-03-24T10:59:10","slug":"covid-19-cemiterios-e-funerarias-se-preparam-para-aumento-da-demanda","status":"publish","type":"post","link":"https:\/\/www.caririemacao.com\/1\/2020\/03\/24\/covid-19-cemiterios-e-funerarias-se-preparam-para-aumento-da-demanda\/","title":{"rendered":"Covid-19: cemit\u00e9rios e funer\u00e1rias se preparam para aumento da demanda"},"content":{"rendered":"\n<p>Preocupados com o aumento da demanda e com os riscos decorrentes do novo coronav\u00edrus (covid-19) no Brasil, as empresas funer\u00e1rias elaboraram um protocolo de procedimentos visando minimizar o risco de cont\u00e1gio durante as etapas que comp\u00f5em as atividades como remo\u00e7\u00e3o dos mortos; contrata\u00e7\u00e3o do servi\u00e7o funer\u00e1rio; prepara\u00e7\u00e3o dos corpos; homenagens p\u00f3stumas; sepultamento e crema\u00e7\u00e3o.<\/p>\n\n\n\n<p>De acordo com a Associa\u00e7\u00e3o Brasileira de Empresas e Diretores do Setor Funer\u00e1rio (Abredif), entidade que representa mais de 13 mil empresas, oferecendo 350 mil empregos diretos em todo o pa\u00eds.<\/p>\n\n\n\n<p>A boa estrutura do setor funer\u00e1rio brasileiro d\u00e1, ao presidente da Abredif, Lourival Panhozzi, confian\u00e7a de que as empresas est\u00e3o preparadas para atender o aumento da demanda. Ele, no entanto, destaca que, para evitar problemas, \u00e9 fundamental a ajuda do Minist\u00e9rio da Sa\u00fade, no sentido de transformar em norma geral o protocolo de procedimentos elaborado e enviado ao minist\u00e9rio pela entidade.<\/p>\n\n\n\n<p>\u201cOs matem\u00e1ticos dizem que poderemos atingir o pico de 3.500 \u00f3bitos em um dia\u201d, disse Panhozzi \u00e0 Ag\u00eancia Brasil. \u201cNosso setor, inclusive, j\u00e1 identificou um crescimento acentuado no n\u00famero de \u00f3bitos com causa morte identificada com as relacionadas ao novo coronav\u00edrus (s\u00edndromes respirat\u00f3rias). Contudo, at\u00e9 porque a confirma\u00e7\u00e3o do diagn\u00f3stico demora, n\u00e3o est\u00e3o grafadas como covid-19\u201d, acrescentou.<\/p>\n\n\n\n<p>Segundo ele, por ter contato direto com os corpos de pessoas que morreram em decorr\u00eancia da covid-19, os profissionais que desenvolvem as atividades funer\u00e1ria est\u00e3o entre as pessoas que mais correm risco de contamina\u00e7\u00e3o.<\/p>\n\n\n\n<p>\u201cOs problemas ocorridos em outros pa\u00edses, com rela\u00e7\u00e3o \u00e0 atividade funer\u00e1ria, n\u00e3o dever\u00e3o ocorrer no Brasil. Nossa estrutura instalada \u00e9 muitas vezes superior \u00e0 de muitos pa\u00edses, mas para que ela continue operacional \u00e9 preciso que o Minist\u00e9rio da Sa\u00fade implante nosso protocolo. De nada adianta nossa estrutura f\u00edsica se nosso pessoal for afastado por contamina\u00e7\u00e3o\u201d, argumenta Panhozzi referindo-se ao protocolo de procedimentos t\u00e9cnicos j\u00e1 encaminhado ao minist\u00e9rio.<\/p>\n\n\n\n<p>Para a Abredif, a elabora\u00e7\u00e3o de protocolos unificados facilita sua implementa\u00e7\u00e3o em todo o pa\u00eds, de forma a garantir a seguran\u00e7a n\u00e3o s\u00f3 dos trabalhadores do setor como da sociedade como um todo. Panhozzi acrescenta que as empresas do setor j\u00e1 est\u00e3o se adiantando e, antes mesmo do retorno das autoridades federais, est\u00e3o buscando a ado\u00e7\u00e3o do protocolo, por meio de decretos municipais.<\/p>\n\n\n\n<p>Cemit\u00e9rios<br>Alguns cemit\u00e9rios j\u00e1 est\u00e3o se preparando para lidar com a situa\u00e7\u00e3o. No Distrito Federal, o Cemit\u00e9rio Campo da Esperan\u00e7a, concess\u00e3o p\u00fablica respons\u00e1vel pela administra\u00e7\u00e3o de todos os seis cemit\u00e9rios da unidade federativa, apresenta, desde o dia 17 de mar\u00e7o, uma s\u00e9rie de recomenda\u00e7\u00f5es \u00e0queles que perderam seus entes queridos em meio ao aumento de casos de mortes decorrentes do novo coronav\u00edrus.<\/p>\n\n\n\n<p>O grupo informa ser rotina de seus funcion\u00e1rios o uso equipamentos de seguran\u00e7a individual, mas que, nesse per\u00edodo de risco de infec\u00e7\u00e3o pela covid-19, a necessidade de higieniza\u00e7\u00e3o est\u00e1 sendo refor\u00e7ada com as equipes.<\/p>\n\n\n\n<p>A dura\u00e7\u00e3o dos vel\u00f3rios, agora, est\u00e1 limitada a duas horas, al\u00e9m dos 30 minutos de cortejo. \u201cNos casos de morte pelo novo coronav\u00edrus, n\u00e3o haver\u00e1 vel\u00f3rio. Apenas o sepultamento\u201d, informa a assessoria dos cemit\u00e9rios onde cerca de 490 mil pessoas est\u00e3o sepultadas. Al\u00e9m disso, durante o vel\u00f3rio nas capelas internas do cemit\u00e9rio, s\u00f3 ser\u00e1 permitida a presen\u00e7a de apenas dez pessoas por vez. O cemit\u00e9rio, no entanto, refor\u00e7a que a fiscaliza\u00e7\u00e3o e o controle desse acesso ser\u00e3o de responsabilidade da fam\u00edlia.<\/p>\n\n\n\n<p>De acordo com o grupo Boa Esperan\u00e7a, todos os cemit\u00e9rios do Distrito Federal j\u00e1 adotaram essas medidas. Neles s\u00e3o feitos, em m\u00e9dia, cerca de 950 sepultamentos por m\u00eas. Ainda n\u00e3o h\u00e1, segundo a administra\u00e7\u00e3o, aumento dessa demanda, em fun\u00e7\u00e3o do novo coronav\u00edrus.<\/p>\n\n\n\n<p>Protocolo para o setor<br>O protocolo elaborado pela Abredif detalha os procedimentos t\u00e9cnicos a serem adotados nas seis fases da atividade funer\u00e1ria. Comp\u00f5em essas etapas a de remo\u00e7\u00e3o dos mortos; a de contrata\u00e7\u00e3o do servi\u00e7o funer\u00e1rio; a de prepara\u00e7\u00e3o dos corpos; de homenagens p\u00f3stumas (vel\u00f3rio); de sepultamento; e de crema\u00e7\u00e3o.<\/p>\n\n\n\n<p>Na medida em que as demandas comecem a aumentar, novas propostas poder\u00e3o ser agregadas ao protocolo, tendo por base sugest\u00f5es que venham a ser apresentadas pelas empresas funer\u00e1rias. \u201cHoje mesmo estamos estudando a inclus\u00e3o de procedimentos como a redu\u00e7\u00e3o do tempo de espera legal e do n\u00famero de assinaturas [para apenas de um m\u00e9dico] visando a autoriza\u00e7\u00e3o para a crema\u00e7\u00e3o\u201d, disse o presidente da Abredif.<\/p>\n\n\n\n<p>Outras medidas que dever\u00e3o ser inclu\u00eddas no protocolo j\u00e1 encaminhado ao minist\u00e9rio \u00e9 a possibilidade de declara\u00e7\u00e3o online da fam\u00edlia autorizando o registro do \u00f3bito; a possibilidade de o sepultamento ser feito apenas com c\u00f3pia da declara\u00e7\u00e3o do \u00f3bito; e a prorroga\u00e7\u00e3o do prazo legal [de 15 para 60 dias ] para que se proceda o registro da declara\u00e7\u00e3o de \u00f3bito no cart\u00f3rio.<\/p>\n","protected":false},"excerpt":{"rendered":"<p>Preocupados com o aumento da demanda e com os riscos decorrentes do novo coronav\u00edrus (covid-19) no Brasil, as empresas funer\u00e1rias elaboraram um protocolo de procedimentos&hellip; <\/p>\n","protected":false},"author":2,"featured_media":159847,"comment_status":"closed","ping_status":"closed","sticky":false,"template":"","format":"standard","meta":{"sfsi_plus_gutenberg_text_before_share":"","sfsi_plus_gutenberg_show_text_before_share":"","sfsi_plus_gutenberg_icon_type":"","sfsi_plus_gutenberg_icon_alignemt":"","sfsi_plus_gutenburg_max_per_row":"","footnotes":""},"categories":[6],"tags":[],"class_list":["post-159846","post","type-post","status-publish","format-standard","has-post-thumbnail","hentry","category-cidades"],"_links":{"self":[{"href":"https:\/\/www.caririemacao.com\/1\/wp-json\/wp\/v2\/posts\/159846","targetHints":{"allow":["GET"]}}],"collection":[{"href":"https:\/\/www.caririemacao.com\/1\/wp-json\/wp\/v2\/posts"}],"about":[{"href":"https:\/\/www.caririemacao.com\/1\/wp-json\/wp\/v2\/types\/post"}],"author":[{"embeddable":true,"href":"https:\/\/www.caririemacao.com\/1\/wp-json\/wp\/v2\/users\/2"}],"replies":[{"embeddable":true,"href":"https:\/\/www.caririemacao.com\/1\/wp-json\/wp\/v2\/comments?post=159846"}],"version-history":[{"count":1,"href":"https:\/\/www.caririemacao.com\/1\/wp-json\/wp\/v2\/posts\/159846\/revisions"}],"predecessor-version":[{"id":159848,"href":"https:\/\/www.caririemacao.com\/1\/wp-json\/wp\/v2\/posts\/159846\/revisions\/159848"}],"wp:featuredmedia":[{"embeddable":true,"href":"https:\/\/www.caririemacao.com\/1\/wp-json\/wp\/v2\/media\/159847"}],"wp:attachment":[{"href":"https:\/\/www.caririemacao.com\/1\/wp-json\/wp\/v2\/media?parent=159846"}],"wp:term":[{"taxonomy":"category","embeddable":true,"href":"https:\/\/www.caririemacao.com\/1\/wp-json\/wp\/v2\/categories?post=159846"},{"taxonomy":"post_tag","embeddable":true,"href":"https:\/\/www.caririemacao.com\/1\/wp-json\/wp\/v2\/tags?post=159846"}],"curies":[{"name":"wp","href":"https:\/\/api.w.org\/{rel}","templated":true}]}}