{"id":159851,"date":"2020-03-24T08:00:29","date_gmt":"2020-03-24T11:00:29","guid":{"rendered":"http:\/\/www.caririemacao.com\/1\/?p=159851"},"modified":"2020-03-24T08:00:31","modified_gmt":"2020-03-24T11:00:31","slug":"arquidiocese-da-paraiba-divulga-horarios-de-missas-transmitidas-pela-internet","status":"publish","type":"post","link":"https:\/\/www.caririemacao.com\/1\/2020\/03\/24\/arquidiocese-da-paraiba-divulga-horarios-de-missas-transmitidas-pela-internet\/","title":{"rendered":"Arquidiocese da Para\u00edba divulga hor\u00e1rios de missas transmitidas pela internet"},"content":{"rendered":"\n<p>A Arquidiocese da Para\u00edba divulgou os hor\u00e1rios de missas virtuais para que os fieis possam acompanhar atrav\u00e9s do Instagram. Mesmo com os templos n\u00e3o podendo reunir pessoas para celebra\u00e7\u00f5es, elas est\u00e3o sendo oferecidas pela internet ao p\u00fablico crist\u00e3o.<\/p>\n\n\n\n<p>&#8220;N\u00e3o deixaremos de assistir o nosso povo! Mesmo neste tempo t\u00e3o desafiador, estaremos juntos, atrav\u00e9s da tecnologia, mantendo firme a nossa f\u00e9&#8221;, diz Dom Manoel Delson. As transmiss\u00f5es acontecem atrav\u00e9s do empenho da Pastoral da Comunica\u00e7\u00e3o (Pascom) das Par\u00f3quias.<\/p>\n\n\n\n<p>O Arcebispo tem suas Missas transmitidas atrav\u00e9s do Instagram da Arquidiocese da Para\u00edba, o @arquipb. Todos os dias, \u00e0s 7h, Dom Delson preside a celebra\u00e7\u00e3o na capela do Semin\u00e1rio Arquidiocesano, onde mora, acompanhado apenas pelos padres e os tr\u00eas seminaristas que continuam na casa de forma\u00e7\u00e3o.<\/p>\n\n\n\n<p>&#8220;Todos os nossos seminaristas voltaram para suas casas e aqui ficamos apenas os padres residentes e tr\u00eas seminaristas. Celebramos diariamente a Eucaristia, pedindo a Deus for\u00e7a para superarmos este momento dif\u00edcil e pedindo muito pelos profissionais de sa\u00fade, que se arriscam para salvar a todos&#8221;, explica o Arcebispo.<\/p>\n\n\n\n<p>Al\u00e9m da Missa di\u00e1ria do Arcebispo, as Par\u00f3quias mant\u00eam suas celebra\u00e7\u00f5es, com hor\u00e1rios especiais e&nbsp;<a href=\"http:\/\/psjpb.org\/aovivo\/\">transmiss\u00e3o<\/a>via redes sociais. Para os fieis surdos, tem missa com tradu\u00e7\u00e3o em Libras nos domingos \u00e0s 9h nas p\u00e1ginas da Par\u00f3quia Sagrado Cora\u00e7\u00e3o de Jesus, de Cabedelo: @pscjpascom no Instagram ou na p\u00e1gina no Facebook.<\/p>\n\n\n\n<figure class=\"wp-block-image\"><img decoding=\"async\" data-src=\"https:\/\/www.clickpb.com.br\/media\/filer_public\/69\/6f\/696f5fb1-151e-41f2-abd9-610cd58194bb\/missas_virtuais_arquidiocese_da_paraiba.jpg\" alt=\"\" src=\"data:image\/svg+xml;base64,PHN2ZyB3aWR0aD0iMSIgaGVpZ2h0PSIxIiB4bWxucz0iaHR0cDovL3d3dy53My5vcmcvMjAwMC9zdmciPjwvc3ZnPg==\" class=\"lazyload\" \/><\/figure>\n\n\n\n<figure class=\"wp-block-image\"><img decoding=\"async\" data-src=\"https:\/\/www.clickpb.com.br\/media\/filer_public\/95\/2f\/952fca09-e7c9-4120-b0fa-66e44d68b4a0\/missas_virtuais_arquidiocese_da_paraiba-2.jpg\" alt=\"\" src=\"data:image\/svg+xml;base64,PHN2ZyB3aWR0aD0iMSIgaGVpZ2h0PSIxIiB4bWxucz0iaHR0cDovL3d3dy53My5vcmcvMjAwMC9zdmciPjwvc3ZnPg==\" class=\"lazyload\" \/><\/figure>\n\n\n\n<figure class=\"wp-block-image\"><img decoding=\"async\" data-src=\"https:\/\/www.clickpb.com.br\/media\/filer_public\/b3\/3d\/b33d6672-7873-471a-8e06-0d1ac9c30934\/missas_virtuais_arquidiocese_da_paraiba-3.jpg\" alt=\"\" src=\"data:image\/svg+xml;base64,PHN2ZyB3aWR0aD0iMSIgaGVpZ2h0PSIxIiB4bWxucz0iaHR0cDovL3d3dy53My5vcmcvMjAwMC9zdmciPjwvc3ZnPg==\" class=\"lazyload\" \/><\/figure>\n\n\n\n<figure class=\"wp-block-image\"><img decoding=\"async\" data-src=\"https:\/\/www.clickpb.com.br\/media\/filer_public\/9e\/30\/9e30ab78-03b1-45b1-a846-807004827227\/missas_virtuais_arquidiocese_da_paraiba-4.jpg\" alt=\"\" src=\"data:image\/svg+xml;base64,PHN2ZyB3aWR0aD0iMSIgaGVpZ2h0PSIxIiB4bWxucz0iaHR0cDovL3d3dy53My5vcmcvMjAwMC9zdmciPjwvc3ZnPg==\" class=\"lazyload\" \/><\/figure>\n\n\n\n<figure class=\"wp-block-image\"><img decoding=\"async\" data-src=\"https:\/\/www.clickpb.com.br\/media\/filer_public\/6a\/42\/6a4268b5-1624-440d-9328-f0c0a24ca9f4\/missas_virtuais_arquidiocese_da_paraiba-5.jpg\" alt=\"\" src=\"data:image\/svg+xml;base64,PHN2ZyB3aWR0aD0iMSIgaGVpZ2h0PSIxIiB4bWxucz0iaHR0cDovL3d3dy53My5vcmcvMjAwMC9zdmciPjwvc3ZnPg==\" class=\"lazyload\" \/><\/figure>\n\n\n\n<figure class=\"wp-block-image\"><img decoding=\"async\" data-src=\"https:\/\/www.clickpb.com.br\/media\/filer_public\/87\/c9\/87c94b5c-9965-483d-8196-05522671dd09\/missas_virtuais_arquidiocese_da_paraiba-6.jpg\" alt=\"\" src=\"data:image\/svg+xml;base64,PHN2ZyB3aWR0aD0iMSIgaGVpZ2h0PSIxIiB4bWxucz0iaHR0cDovL3d3dy53My5vcmcvMjAwMC9zdmciPjwvc3ZnPg==\" class=\"lazyload\" \/><\/figure>\n\n\n\n<figure class=\"wp-block-image\"><img decoding=\"async\" data-src=\"https:\/\/www.clickpb.com.br\/media\/filer_public\/05\/66\/0566ede3-43b8-45c8-b7ba-e04cf28812ec\/missas_virtuais_arquidiocese_da_paraiba-7.jpg\" alt=\"\" src=\"data:image\/svg+xml;base64,PHN2ZyB3aWR0aD0iMSIgaGVpZ2h0PSIxIiB4bWxucz0iaHR0cDovL3d3dy53My5vcmcvMjAwMC9zdmciPjwvc3ZnPg==\" class=\"lazyload\" \/><\/figure>\n","protected":false},"excerpt":{"rendered":"<p>A Arquidiocese da Para\u00edba divulgou os hor\u00e1rios de missas virtuais para que os fieis possam acompanhar atrav\u00e9s do Instagram. Mesmo com os templos n\u00e3o podendo&hellip; <\/p>\n","protected":false},"author":2,"featured_media":159852,"comment_status":"closed","ping_status":"closed","sticky":false,"template":"","format":"standard","meta":{"sfsi_plus_gutenberg_text_before_share":"","sfsi_plus_gutenberg_show_text_before_share":"","sfsi_plus_gutenberg_icon_type":"","sfsi_plus_gutenberg_icon_alignemt":"","sfsi_plus_gutenburg_max_per_row":"","footnotes":""},"categories":[6],"tags":[],"class_list":["post-159851","post","type-post","status-publish","format-standard","has-post-thumbnail","hentry","category-cidades"],"_links":{"self":[{"href":"https:\/\/www.caririemacao.com\/1\/wp-json\/wp\/v2\/posts\/159851","targetHints":{"allow":["GET"]}}],"collection":[{"href":"https:\/\/www.caririemacao.com\/1\/wp-json\/wp\/v2\/posts"}],"about":[{"href":"https:\/\/www.caririemacao.com\/1\/wp-json\/wp\/v2\/types\/post"}],"author":[{"embeddable":true,"href":"https:\/\/www.caririemacao.com\/1\/wp-json\/wp\/v2\/users\/2"}],"replies":[{"embeddable":true,"href":"https:\/\/www.caririemacao.com\/1\/wp-json\/wp\/v2\/comments?post=159851"}],"version-history":[{"count":1,"href":"https:\/\/www.caririemacao.com\/1\/wp-json\/wp\/v2\/posts\/159851\/revisions"}],"predecessor-version":[{"id":159853,"href":"https:\/\/www.caririemacao.com\/1\/wp-json\/wp\/v2\/posts\/159851\/revisions\/159853"}],"wp:featuredmedia":[{"embeddable":true,"href":"https:\/\/www.caririemacao.com\/1\/wp-json\/wp\/v2\/media\/159852"}],"wp:attachment":[{"href":"https:\/\/www.caririemacao.com\/1\/wp-json\/wp\/v2\/media?parent=159851"}],"wp:term":[{"taxonomy":"category","embeddable":true,"href":"https:\/\/www.caririemacao.com\/1\/wp-json\/wp\/v2\/categories?post=159851"},{"taxonomy":"post_tag","embeddable":true,"href":"https:\/\/www.caririemacao.com\/1\/wp-json\/wp\/v2\/tags?post=159851"}],"curies":[{"name":"wp","href":"https:\/\/api.w.org\/{rel}","templated":true}]}}