{"id":159854,"date":"2020-03-24T08:01:39","date_gmt":"2020-03-24T11:01:39","guid":{"rendered":"http:\/\/www.caririemacao.com\/1\/?p=159854"},"modified":"2020-03-24T08:01:40","modified_gmt":"2020-03-24T11:01:40","slug":"policia-faz-tempestade-de-areia-em-praia-para-espantar-banhistas","status":"publish","type":"post","link":"https:\/\/www.caririemacao.com\/1\/2020\/03\/24\/policia-faz-tempestade-de-areia-em-praia-para-espantar-banhistas\/","title":{"rendered":"Pol\u00edcia faz &#8216;tempestade de areia&#8217; em praia para espantar banhistas"},"content":{"rendered":"\n<p>A Pol\u00edcia Civil realizou uma abordagem inusitada para que as pessoas cumprissem as medidas de quarentena em Santa Catarina, devido \u00e0 pandemia de coronav\u00edrus, em que a ordem \u00e9 ficar em casa. A &#8220;tempestade de areia&#8221; foi realizada durante um sobrevoo do helic\u00f3ptero do Servi\u00e7o Aeropolicial (Saer) na sexta-feira (20), na Praia da Galheta, em Florian\u00f3polis. O estado j\u00e1 tem quase 70 casos de Covid-19, a doen\u00e7a causada pelo novo coronav\u00edrus, e est\u00e1 em situa\u00e7\u00e3o de emerg\u00eancia.<\/p>\n\n\n\n<p>De acordo com os agentes, ao verificar que algumas pessoas estavam tomando sol e n\u00e3o respeitando as medidas, os membros da corpora\u00e7\u00e3o sobrevoaram mais perto da praia, causando o vento que levantou a areia.<\/p>\n\n\n\n<p>A corpora\u00e7\u00e3o informou que a a\u00e7\u00e3o ocorreu durante a fiscaliza\u00e7\u00e3o do cumprimento das medidas de restri\u00e7\u00e3o decretadas pelo governo do estado em espa\u00e7os p\u00fablicos, praias e pra\u00e7as. Ainda de acordo a pol\u00edcia, a\u00e7\u00f5es como essa devem se repetir nos pr\u00f3ximos dias.<\/p>\n\n\n\n<p>A Pol\u00edcia Civil pede para que den\u00fancias de descumprimento dessas medidas sejam feitas pelo telefone 181.<\/p>\n\n\n\n<p><strong>Situa\u00e7\u00e3o de emerg\u00eancia e restri\u00e7\u00f5es &#8211;&nbsp;<\/strong>O governo catarinense decretou situa\u00e7\u00e3o de emerg\u00eancia no \u00faltimo dia 17, ap\u00f3s a confirma\u00e7\u00e3o de que j\u00e1 havia casos de transmiss\u00e3o comunit\u00e1ria da doen\u00e7a no estado, ou seja, quando n\u00e3o \u00e9 poss\u00edvel identificar o local do cont\u00e1gio. Desde ent\u00e3o, a inten\u00e7\u00e3o \u00e9 impedir a aglomera\u00e7\u00e3o de pessoas para evitar a propaga\u00e7\u00e3o do v\u00edrus.<br><\/p>\n\n\n\n<p>Entre outras restri\u00e7\u00f5es, est\u00e3o proibidos eventos de forma geral, transporte coletivo municipal, intermunicipal, interestadual e internacional, e a perman\u00eancia das pessoas em espa\u00e7os p\u00fablicos como parques, pra\u00e7as e praias. Al\u00e9m disso, com\u00e9rcios considerados n\u00e3o essenciais devem permanecer com as portas fechadas.<\/p>\n\n\n\n<figure><iframe width=\"784\" height=\"409\" data-src=\"https:\/\/www.youtube.com\/embed\/ufeqauLVqL8\" allowfullscreen=\"\" src=\"data:image\/svg+xml;base64,PHN2ZyB3aWR0aD0iMSIgaGVpZ2h0PSIxIiB4bWxucz0iaHR0cDovL3d3dy53My5vcmcvMjAwMC9zdmciPjwvc3ZnPg==\" class=\"lazyload\" data-load-mode=\"1\"><\/iframe><\/figure>\n","protected":false},"excerpt":{"rendered":"<p>A Pol\u00edcia Civil realizou uma abordagem inusitada para que as pessoas cumprissem as medidas de quarentena em Santa Catarina, devido \u00e0 pandemia de coronav\u00edrus, em&hellip; <\/p>\n","protected":false},"author":2,"featured_media":159855,"comment_status":"closed","ping_status":"closed","sticky":false,"template":"","format":"standard","meta":{"sfsi_plus_gutenberg_text_before_share":"","sfsi_plus_gutenberg_show_text_before_share":"","sfsi_plus_gutenberg_icon_type":"","sfsi_plus_gutenberg_icon_alignemt":"","sfsi_plus_gutenburg_max_per_row":"","footnotes":""},"categories":[12],"tags":[],"class_list":["post-159854","post","type-post","status-publish","format-standard","has-post-thumbnail","hentry","category-policia"],"_links":{"self":[{"href":"https:\/\/www.caririemacao.com\/1\/wp-json\/wp\/v2\/posts\/159854","targetHints":{"allow":["GET"]}}],"collection":[{"href":"https:\/\/www.caririemacao.com\/1\/wp-json\/wp\/v2\/posts"}],"about":[{"href":"https:\/\/www.caririemacao.com\/1\/wp-json\/wp\/v2\/types\/post"}],"author":[{"embeddable":true,"href":"https:\/\/www.caririemacao.com\/1\/wp-json\/wp\/v2\/users\/2"}],"replies":[{"embeddable":true,"href":"https:\/\/www.caririemacao.com\/1\/wp-json\/wp\/v2\/comments?post=159854"}],"version-history":[{"count":1,"href":"https:\/\/www.caririemacao.com\/1\/wp-json\/wp\/v2\/posts\/159854\/revisions"}],"predecessor-version":[{"id":159856,"href":"https:\/\/www.caririemacao.com\/1\/wp-json\/wp\/v2\/posts\/159854\/revisions\/159856"}],"wp:featuredmedia":[{"embeddable":true,"href":"https:\/\/www.caririemacao.com\/1\/wp-json\/wp\/v2\/media\/159855"}],"wp:attachment":[{"href":"https:\/\/www.caririemacao.com\/1\/wp-json\/wp\/v2\/media?parent=159854"}],"wp:term":[{"taxonomy":"category","embeddable":true,"href":"https:\/\/www.caririemacao.com\/1\/wp-json\/wp\/v2\/categories?post=159854"},{"taxonomy":"post_tag","embeddable":true,"href":"https:\/\/www.caririemacao.com\/1\/wp-json\/wp\/v2\/tags?post=159854"}],"curies":[{"name":"wp","href":"https:\/\/api.w.org\/{rel}","templated":true}]}}