{"id":159861,"date":"2020-03-24T08:07:45","date_gmt":"2020-03-24T11:07:45","guid":{"rendered":"http:\/\/www.caririemacao.com\/1\/?p=159861"},"modified":"2020-03-24T08:07:47","modified_gmt":"2020-03-24T11:07:47","slug":"morre-farmaceutica-internada-com-sintomas-de-coronavirus","status":"publish","type":"post","link":"https:\/\/www.caririemacao.com\/1\/2020\/03\/24\/morre-farmaceutica-internada-com-sintomas-de-coronavirus\/","title":{"rendered":"Morre  farmac\u00eautica internada com sintomas de coronav\u00edrus"},"content":{"rendered":"\n<p>A jovem farmac\u00eautica natural de Patos, Vanessa Domingos, de 29 anos, que reside em Jo\u00e3o Pessoa, morreu na noite do \u00faltimo domingo, 22, em um hospital de Jo\u00e3o Pessoa. <\/p>\n\n\n\n<p>Ela deu entrada no hospital no dia de ontem (s\u00e1bado, 21) apresentando forte diarreia, gripe e falta de ar. Foi internada, seu estado se agravou e ela n\u00e3o resistiu.<\/p>\n\n\n\n<p>Seus pais residem em Patos. A m\u00e3e, a professora Magna Verusca, trabalha no SESI (Servi\u00e7o Social da Ind\u00fastria), e est\u00e1 desesperada. A suspeita \u00e9 de que a jovem tenha sido acometida de coronav\u00edrus, mas o resultado final s\u00f3 dever\u00e1 sair nessa ter\u00e7a-feira, 24.<\/p>\n\n\n\n<p><strong>Folha Patoense&nbsp;<\/strong><\/p>\n","protected":false},"excerpt":{"rendered":"<p>A jovem farmac\u00eautica natural de Patos, Vanessa Domingos, de 29 anos, que reside em Jo\u00e3o Pessoa, morreu na noite do \u00faltimo domingo, 22, em um&hellip; <\/p>\n","protected":false},"author":1,"featured_media":159868,"comment_status":"closed","ping_status":"closed","sticky":false,"template":"","format":"standard","meta":{"sfsi_plus_gutenberg_text_before_share":"","sfsi_plus_gutenberg_show_text_before_share":"","sfsi_plus_gutenberg_icon_type":"","sfsi_plus_gutenberg_icon_alignemt":"","sfsi_plus_gutenburg_max_per_row":"","footnotes":""},"categories":[50,16],"tags":[],"class_list":["post-159861","post","type-post","status-publish","format-standard","has-post-thumbnail","hentry","category-destaque","category-saude"],"_links":{"self":[{"href":"https:\/\/www.caririemacao.com\/1\/wp-json\/wp\/v2\/posts\/159861","targetHints":{"allow":["GET"]}}],"collection":[{"href":"https:\/\/www.caririemacao.com\/1\/wp-json\/wp\/v2\/posts"}],"about":[{"href":"https:\/\/www.caririemacao.com\/1\/wp-json\/wp\/v2\/types\/post"}],"author":[{"embeddable":true,"href":"https:\/\/www.caririemacao.com\/1\/wp-json\/wp\/v2\/users\/1"}],"replies":[{"embeddable":true,"href":"https:\/\/www.caririemacao.com\/1\/wp-json\/wp\/v2\/comments?post=159861"}],"version-history":[{"count":1,"href":"https:\/\/www.caririemacao.com\/1\/wp-json\/wp\/v2\/posts\/159861\/revisions"}],"predecessor-version":[{"id":159869,"href":"https:\/\/www.caririemacao.com\/1\/wp-json\/wp\/v2\/posts\/159861\/revisions\/159869"}],"wp:featuredmedia":[{"embeddable":true,"href":"https:\/\/www.caririemacao.com\/1\/wp-json\/wp\/v2\/media\/159868"}],"wp:attachment":[{"href":"https:\/\/www.caririemacao.com\/1\/wp-json\/wp\/v2\/media?parent=159861"}],"wp:term":[{"taxonomy":"category","embeddable":true,"href":"https:\/\/www.caririemacao.com\/1\/wp-json\/wp\/v2\/categories?post=159861"},{"taxonomy":"post_tag","embeddable":true,"href":"https:\/\/www.caririemacao.com\/1\/wp-json\/wp\/v2\/tags?post=159861"}],"curies":[{"name":"wp","href":"https:\/\/api.w.org\/{rel}","templated":true}]}}