{"id":159871,"date":"2020-03-24T08:17:52","date_gmt":"2020-03-24T11:17:52","guid":{"rendered":"http:\/\/www.caririemacao.com\/1\/?p=159871"},"modified":"2020-03-24T08:22:31","modified_gmt":"2020-03-24T11:22:31","slug":"exclusivo-apenados-fogem-da-cadeia-publica-de-sao-joao-do-cariri-e-sao-recapturados-pela-pm","status":"publish","type":"post","link":"https:\/\/www.caririemacao.com\/1\/2020\/03\/24\/exclusivo-apenados-fogem-da-cadeia-publica-de-sao-joao-do-cariri-e-sao-recapturados-pela-pm\/","title":{"rendered":"Apenados fogem da cadeia p\u00fablica de S\u00e3o Jo\u00e3o do Cariri e s\u00e3o recapturados pela PM"},"content":{"rendered":"\n<p>No in\u00edcio da tarde desta segunda-feira(23), apenados da Cadeia P\u00fablica de S\u00e3o Jo\u00e3o do Cariri conseguiram fugir da unidade prisional que fica localizada em pleno centro da cidade.<\/p>\n\n\n\n<p>Segundo informa\u00e7\u00f5es colhidas pelo Portal De Olho no Cariri, tr\u00eas detentos conseguiram empreender fuga da cadeia ap\u00f3s renderem o agente penitenci\u00e1rio no momento em que ele estava fazendo a contagem dos presos. Os criminosos ainda conseguiram render o policial militar que estava na cadeia e lograram \u00eaxito na fuga.<\/p>\n\n\n\n<p>A partir da\u00ed iniciou-se uma grande opera\u00e7\u00e3o policial realizada pela guarni\u00e7\u00e3o da Policia Militar de Soledade no comando do Tenente Denizar, que localizou os fugitivos poucas horas depois em um trecho entre os munic\u00edpios de Gurj\u00e3o e Soledade.<\/p>\n\n\n\n<p>Com os presos, foram apreendidos as armas furtadas pelos criminosos, al\u00e9m de um ve\u00edculo que foi tomado por assalto por eles.<\/p>\n\n\n\n<p><strong>De Olho no Cariri<\/strong><\/p>\n","protected":false},"excerpt":{"rendered":"<p>No in\u00edcio da tarde desta segunda-feira(23), apenados da Cadeia P\u00fablica de S\u00e3o Jo\u00e3o do Cariri conseguiram fugir da unidade prisional que fica localizada em pleno&hellip; <\/p>\n","protected":false},"author":2,"featured_media":159872,"comment_status":"closed","ping_status":"closed","sticky":false,"template":"","format":"standard","meta":{"sfsi_plus_gutenberg_text_before_share":"","sfsi_plus_gutenberg_show_text_before_share":"","sfsi_plus_gutenberg_icon_type":"","sfsi_plus_gutenberg_icon_alignemt":"","sfsi_plus_gutenburg_max_per_row":"","footnotes":""},"categories":[12],"tags":[],"class_list":["post-159871","post","type-post","status-publish","format-standard","has-post-thumbnail","hentry","category-policia"],"_links":{"self":[{"href":"https:\/\/www.caririemacao.com\/1\/wp-json\/wp\/v2\/posts\/159871","targetHints":{"allow":["GET"]}}],"collection":[{"href":"https:\/\/www.caririemacao.com\/1\/wp-json\/wp\/v2\/posts"}],"about":[{"href":"https:\/\/www.caririemacao.com\/1\/wp-json\/wp\/v2\/types\/post"}],"author":[{"embeddable":true,"href":"https:\/\/www.caririemacao.com\/1\/wp-json\/wp\/v2\/users\/2"}],"replies":[{"embeddable":true,"href":"https:\/\/www.caririemacao.com\/1\/wp-json\/wp\/v2\/comments?post=159871"}],"version-history":[{"count":2,"href":"https:\/\/www.caririemacao.com\/1\/wp-json\/wp\/v2\/posts\/159871\/revisions"}],"predecessor-version":[{"id":159884,"href":"https:\/\/www.caririemacao.com\/1\/wp-json\/wp\/v2\/posts\/159871\/revisions\/159884"}],"wp:featuredmedia":[{"embeddable":true,"href":"https:\/\/www.caririemacao.com\/1\/wp-json\/wp\/v2\/media\/159872"}],"wp:attachment":[{"href":"https:\/\/www.caririemacao.com\/1\/wp-json\/wp\/v2\/media?parent=159871"}],"wp:term":[{"taxonomy":"category","embeddable":true,"href":"https:\/\/www.caririemacao.com\/1\/wp-json\/wp\/v2\/categories?post=159871"},{"taxonomy":"post_tag","embeddable":true,"href":"https:\/\/www.caririemacao.com\/1\/wp-json\/wp\/v2\/tags?post=159871"}],"curies":[{"name":"wp","href":"https:\/\/api.w.org\/{rel}","templated":true}]}}