{"id":159879,"date":"2020-03-24T08:21:42","date_gmt":"2020-03-24T11:21:42","guid":{"rendered":"http:\/\/www.caririemacao.com\/1\/?p=159879"},"modified":"2020-03-24T09:56:48","modified_gmt":"2020-03-24T12:56:48","slug":"prefeitura-de-monteiro-exige-quarentena-a-recem-chegados-de-outros-municipios","status":"publish","type":"post","link":"https:\/\/www.caririemacao.com\/1\/2020\/03\/24\/prefeitura-de-monteiro-exige-quarentena-a-recem-chegados-de-outros-municipios\/","title":{"rendered":"Prefeitura de Monteiro exige quarentena a rec\u00e9m-chegados de outros munic\u00edpios"},"content":{"rendered":"\n<p>A\u00a0prefeita do munic\u00edpio de Monteiro tem realizado diversas \u201clives\u201d nas suas redes sociais informando sobre as a\u00e7\u00f5es que a gest\u00e3o municipal vem adotando a fim de proteger os cidad\u00e3os monteirenses do coronav\u00edrus.<\/p>\n\n\n\n<p>Na manh\u00e3 desta segunda-feira, 23, a secret\u00e1ria de Sa\u00fade, Paula Oliveira, emitiu outras recomenda\u00e7\u00f5es as vistas de acobertar os monteirenses contra o Covid-19. A norma diz respeito aos monteirenses e outras pessoas que chegam ao munic\u00edpio.<\/p>\n\n\n\n<p>Fica determinado que a partir desta data, todas as pessoas que desembarcarem no munic\u00edpio devem ficar de quarentena domiciliar pelo per\u00edodo de 14 dias. Para as pessoas que apresentarem algum sintoma como gripe, tosse, febre e dores no corpo, devem se dirigir \u00e0s Unidades de Sa\u00fade da Fam\u00edlia, e caso apresentem sintomas respirat\u00f3rios graves como cansa\u00e7o procurar o Hospital Regional Santa Filomena, de prefer\u00eancia usando m\u00e1scara para que a poss\u00edvel infec\u00e7\u00e3o n\u00e3o se espalhe.<\/p>\n\n\n\n<p>No Hospital de Regional de &nbsp;Monteiro as equipes de sa\u00fade tomar\u00e3o as devidas provid\u00eancias, que em caso de interna\u00e7\u00e3o, ocupar\u00e3o um dos leitos reservados as pessoas que estejam com suspeita da doen\u00e7a.<\/p>\n\n\n\n<p>\u201cPrecisamos nos precaver para que continuemos sem o registro de casos confirmados do coronav\u00edrus. Pedimos que os viajantes se resguardem \u00e0 quarentena domiciliar, tanto para preservar seus pr\u00f3prios parentes como a popula\u00e7\u00e3o em geral. Se cada um fizer a sua parte venceremos esta crise\u201d, informa a secret\u00e1ria.<\/p>\n\n\n\n<p>No munic\u00edpio de Monteiro existem tr\u00eas casos sob investiga\u00e7\u00e3o, tendo o material de exame sido enviado para o laborat\u00f3rio. A Secretaria de Sa\u00fade ainda aguarda os resultados.<\/p>\n\n\n\n<p>O que pode continuar funcionando neste per\u00edodo de recolhimento social:<\/p>\n\n\n\n<p>Hospitais, cl\u00ednicas e farm\u00e1cias;<br>Supermercados, mercadinhos e padarias;<br>Limpeza p\u00fablica;<br>Postos de combust\u00edvel.<\/p>\n\n\n\n<p>Ter\u00e3o de fechar as portas:<\/p>\n\n\n\n<p>Bares;<br>Restaurantes;<br>Caf\u00e9s;<br>Casas noturnas;<br>Shopping centers e galerias;<br>Academias e centros de gin\u00e1stica;<br>Espa\u00e7os para festas, casamentos, shows e eventos;<br>Escolas p\u00fablicas ou privadas.<\/p>\n\n\n\n<p>Observa\u00e7\u00e3o: Bares, caf\u00e9s e restaurantes podem manter o funcionamento em sistema de delivery.<\/p>\n\n\n\n<p>\u201cA partir desta segunda-feira, 23, entra em vigor a recomenda\u00e7\u00e3o que determina a quarentena para aquelas pessoas que chegam ao nosso munic\u00edpio oriundas de outros Estados. Temos diversas equipes de sa\u00fade que juntamente com a Pol\u00edcia Militar auxiliar\u00e3o na supervis\u00e3o desta determina\u00e7\u00e3o em todo munic\u00edpio\u201d, disse a prefeita Anna Lorena.<\/p>\n\n\n\n<p>As medidas de conting\u00eancia poder\u00e3o ser renovadas, estendidas ou suprimidas se houver necessidade. A prefeita ainda reitera que o munic\u00edpio poder\u00e1 fazer uso da For\u00e7a Policial, caso necess\u00e1rio, para evitar a aglomera\u00e7\u00e3o de pessoas.<\/p>\n","protected":false},"excerpt":{"rendered":"<p>A\u00a0prefeita do munic\u00edpio de Monteiro tem realizado diversas \u201clives\u201d nas suas redes sociais informando sobre as a\u00e7\u00f5es que a gest\u00e3o municipal vem adotando a fim&hellip; <\/p>\n","protected":false},"author":2,"featured_media":159880,"comment_status":"closed","ping_status":"closed","sticky":false,"template":"","format":"standard","meta":{"sfsi_plus_gutenberg_text_before_share":"","sfsi_plus_gutenberg_show_text_before_share":"","sfsi_plus_gutenberg_icon_type":"","sfsi_plus_gutenberg_icon_alignemt":"","sfsi_plus_gutenburg_max_per_row":"","footnotes":""},"categories":[16],"tags":[],"class_list":["post-159879","post","type-post","status-publish","format-standard","has-post-thumbnail","hentry","category-saude"],"_links":{"self":[{"href":"https:\/\/www.caririemacao.com\/1\/wp-json\/wp\/v2\/posts\/159879","targetHints":{"allow":["GET"]}}],"collection":[{"href":"https:\/\/www.caririemacao.com\/1\/wp-json\/wp\/v2\/posts"}],"about":[{"href":"https:\/\/www.caririemacao.com\/1\/wp-json\/wp\/v2\/types\/post"}],"author":[{"embeddable":true,"href":"https:\/\/www.caririemacao.com\/1\/wp-json\/wp\/v2\/users\/2"}],"replies":[{"embeddable":true,"href":"https:\/\/www.caririemacao.com\/1\/wp-json\/wp\/v2\/comments?post=159879"}],"version-history":[{"count":2,"href":"https:\/\/www.caririemacao.com\/1\/wp-json\/wp\/v2\/posts\/159879\/revisions"}],"predecessor-version":[{"id":159933,"href":"https:\/\/www.caririemacao.com\/1\/wp-json\/wp\/v2\/posts\/159879\/revisions\/159933"}],"wp:featuredmedia":[{"embeddable":true,"href":"https:\/\/www.caririemacao.com\/1\/wp-json\/wp\/v2\/media\/159880"}],"wp:attachment":[{"href":"https:\/\/www.caririemacao.com\/1\/wp-json\/wp\/v2\/media?parent=159879"}],"wp:term":[{"taxonomy":"category","embeddable":true,"href":"https:\/\/www.caririemacao.com\/1\/wp-json\/wp\/v2\/categories?post=159879"},{"taxonomy":"post_tag","embeddable":true,"href":"https:\/\/www.caririemacao.com\/1\/wp-json\/wp\/v2\/tags?post=159879"}],"curies":[{"name":"wp","href":"https:\/\/api.w.org\/{rel}","templated":true}]}}