{"id":159885,"date":"2020-03-24T08:25:29","date_gmt":"2020-03-24T11:25:29","guid":{"rendered":"http:\/\/www.caririemacao.com\/1\/?p=159885"},"modified":"2020-03-24T08:25:31","modified_gmt":"2020-03-24T11:25:31","slug":"prefeito-adriano-e-populacao-comecam-a-entregar-alimentos-e-donativos-a-familias-prejudicadas-pelas-aguas-em-ss-do-umbuzeiro","status":"publish","type":"post","link":"https:\/\/www.caririemacao.com\/1\/2020\/03\/24\/prefeito-adriano-e-populacao-comecam-a-entregar-alimentos-e-donativos-a-familias-prejudicadas-pelas-aguas-em-ss-do-umbuzeiro\/","title":{"rendered":"Prefeito Adriano e popula\u00e7\u00e3o come\u00e7am a entregar alimentos e donativos \u00e0 fam\u00edlias prejudicadas pelas \u00e1guas em SS do Umbuzeiro"},"content":{"rendered":"\n<figure><iframe allowfullscreen=\"allowfullscreen\" height=\"210\" data-src=\"https:\/\/www.blogger.com\/video.g?token=AD6v5dx_EYc5j5TIM0tj2Hmv8kpuxwiqsF9ZVXnYkO_u0b08UdHIrfatKRpzwDA_RyGTuxoL1W53enM648UVAddm5XMlOMwIhR27VAz6_n2rUknmHmOfELmaGdVsVttfnAEc9QVLWQ1O\" width=\"280\" src=\"data:image\/svg+xml;base64,PHN2ZyB3aWR0aD0iMSIgaGVpZ2h0PSIxIiB4bWxucz0iaHR0cDovL3d3dy53My5vcmcvMjAwMC9zdmciPjwvc3ZnPg==\" class=\"lazyload\" data-load-mode=\"1\"><\/iframe><\/figure>\n\n\n\n<p>Uma verdadeira corrente de solidariedade se formou, e S\u00e3o Sebasti\u00e3o do Umbuzeiro come\u00e7a a enfrentar os efeitos das enchentes que prejudicaram quase 100 fam\u00edlias do munic\u00edpio.<br>Em uma for\u00e7a tarefa coordenada pessoalmente pelo prefeito Adriano Wolff, as a\u00e7\u00f5es come\u00e7aram a ser realizadas e a gerar resultados.&nbsp;O levantamento realizado pela secretaria de a\u00e7\u00e3o social detectou que foram 92 fam\u00edlias atingidas, e cerca de 240 pessoas precisando de ajuda efetiva.<br>O prefeito publicou o decreto de calamidade p\u00fablica, e j\u00e1 manteve contato com o Governo do estado em busca de ajuda, como a\u00e7\u00f5es iniciais.<br>Nesta tarde Adriano foi pessoalmente \u00e0 Monteiro comprar uma quantidade de cestas b\u00e1sicas que est\u00e3o sendo distribu\u00eddas j\u00e1 nesta segunda, 23, para amenizar a 1\u00aa noite da situa\u00e7\u00e3o.<br>DEUS AJUDA QUEM AJUDA<br>O gestor j\u00e1 recebeu contatos de entidades se disponibilizando a ajudar, \u00e0 exemplo da dire\u00e7\u00e3o do Hospital da FAP, a dire\u00e7\u00e3o da FAMUP, os membros da AMCAP, prefeitos da regi\u00e3o \u00e0 exemplo do prefeito Junior Nobrega da Prata, Anna Lorena de Monteiro, C\u00e9lio Barbosa de SJ do Tigre, Ronaldo Queir\u00f3z de Gurj\u00e3o, e outros tantos.<br>O Corpo de Bombeiros da PB tamb\u00e9m se colocou \u00e0 disposi\u00e7\u00e3o, preocupados com a ocorr\u00eancia de novas chuvas.<br>UM POVO UNIDO<br>Mas, a maior parte das doa\u00e7\u00f5es de roupas, colch\u00f5es, agasalhos, camas, alimentos e outros, vem do povo de bem de S\u00e3o Sebasti\u00e3o do Umbuzeiro.<br>A par\u00f3quia atrav\u00e9s do empenho pessoal do Padre Marcos tamb\u00e9m realizou arrecada\u00e7\u00f5es, e nesta noite um grande mutir\u00e3o est\u00e1 realizando o trabalho junto \u00e0s fam\u00edlias afetadas.<br>O BLOG DO F\u00c1BIO BRITO se coloca \u00e0 disposi\u00e7\u00e3o, e se irmana com o povo guerreiro de SS do Umbuzeiro, que com certeza vai vencer mais esta batalha por que \u00e9 um povo vitorioso por natureza, com as b\u00ean\u00e7\u00e3os divinas e com a for\u00e7a dos seus cora\u00e7\u00f5es.<br>F\u00c1BIO BRITO<\/p>\n","protected":false},"excerpt":{"rendered":"<p>Uma verdadeira corrente de solidariedade se formou, e S\u00e3o Sebasti\u00e3o do Umbuzeiro come\u00e7a a enfrentar os efeitos das enchentes que prejudicaram quase 100 fam\u00edlias do&hellip; <\/p>\n","protected":false},"author":2,"featured_media":159886,"comment_status":"closed","ping_status":"closed","sticky":false,"template":"","format":"standard","meta":{"sfsi_plus_gutenberg_text_before_share":"","sfsi_plus_gutenberg_show_text_before_share":"","sfsi_plus_gutenberg_icon_type":"","sfsi_plus_gutenberg_icon_alignemt":"","sfsi_plus_gutenburg_max_per_row":"","footnotes":""},"categories":[2],"tags":[],"class_list":["post-159885","post","type-post","status-publish","format-standard","has-post-thumbnail","hentry","category-geral"],"_links":{"self":[{"href":"https:\/\/www.caririemacao.com\/1\/wp-json\/wp\/v2\/posts\/159885","targetHints":{"allow":["GET"]}}],"collection":[{"href":"https:\/\/www.caririemacao.com\/1\/wp-json\/wp\/v2\/posts"}],"about":[{"href":"https:\/\/www.caririemacao.com\/1\/wp-json\/wp\/v2\/types\/post"}],"author":[{"embeddable":true,"href":"https:\/\/www.caririemacao.com\/1\/wp-json\/wp\/v2\/users\/2"}],"replies":[{"embeddable":true,"href":"https:\/\/www.caririemacao.com\/1\/wp-json\/wp\/v2\/comments?post=159885"}],"version-history":[{"count":1,"href":"https:\/\/www.caririemacao.com\/1\/wp-json\/wp\/v2\/posts\/159885\/revisions"}],"predecessor-version":[{"id":159887,"href":"https:\/\/www.caririemacao.com\/1\/wp-json\/wp\/v2\/posts\/159885\/revisions\/159887"}],"wp:featuredmedia":[{"embeddable":true,"href":"https:\/\/www.caririemacao.com\/1\/wp-json\/wp\/v2\/media\/159886"}],"wp:attachment":[{"href":"https:\/\/www.caririemacao.com\/1\/wp-json\/wp\/v2\/media?parent=159885"}],"wp:term":[{"taxonomy":"category","embeddable":true,"href":"https:\/\/www.caririemacao.com\/1\/wp-json\/wp\/v2\/categories?post=159885"},{"taxonomy":"post_tag","embeddable":true,"href":"https:\/\/www.caririemacao.com\/1\/wp-json\/wp\/v2\/tags?post=159885"}],"curies":[{"name":"wp","href":"https:\/\/api.w.org\/{rel}","templated":true}]}}