{"id":159889,"date":"2020-03-24T08:27:51","date_gmt":"2020-03-24T11:27:51","guid":{"rendered":"http:\/\/www.caririemacao.com\/1\/?p=159889"},"modified":"2020-03-24T08:27:53","modified_gmt":"2020-03-24T11:27:53","slug":"coronavirus-prefeito-de-sume-antecipa-pagamento-dos-servidores-municipais","status":"publish","type":"post","link":"https:\/\/www.caririemacao.com\/1\/2020\/03\/24\/coronavirus-prefeito-de-sume-antecipa-pagamento-dos-servidores-municipais\/","title":{"rendered":"CORONAV\u00cdRUS: Prefeito de Sum\u00e9 antecipa pagamento dos servidores municipais"},"content":{"rendered":"\n<p>O prefeito \u00c9den Duarte mant\u00e9m firme o seu compromisso com os rumos da economia do munic\u00edpio e antecipou o pagamento dos servidores da Prefeitura de Sum\u00e9. Nesta segunda-feira (23\/03), foi creditado o sal\u00e1rio dos colaboradores das Secretarias de Assist\u00eancia Social, Obras e Servi\u00e7os Rurais, Sede e contratados da sa\u00fade.<\/p>\n\n\n\n<p>Os funcion\u00e1rios da Educa\u00e7\u00e3o, os comissionados da Secretaria de Sa\u00fade e os efetivos ter\u00e3o seus proventos pagos assim que for conclu\u00edda a folha, conforme informa\u00e7\u00f5es do secret\u00e1rio de finan\u00e7as do munic\u00edpio, Rob\u00e9rio Cipriano.<\/p>\n\n\n\n<p>A medida tem como objetivo principal minimizar os efeitos causados pela pandemia do COVID 19, na cidade de Sum\u00e9, al\u00e9m de evidenciar o compromisso e a seriedade do prefeito \u00c9den com a valoriza\u00e7\u00e3o dos servidores. Ao saber da gravidade do caso coronav\u00edrus, o governo municipal tem sido en\u00e9rgico na implementa\u00e7\u00e3o de a\u00e7\u00f5es para conter os avan\u00e7os da doen\u00e7a no munic\u00edpio e os seus impactos negativos na vida da popula\u00e7\u00e3o sumeense.<\/p>\n\n\n\n<p>Nesse domingo, 22, o prefeito de Sum\u00e9 tamb\u00e9m assinou um novo decreto municipal determinando o fechamento no com\u00e9rcio da cidade pelos pr\u00f3ximos 15 dias, prorrog\u00e1veis se necess\u00e1rio, evitando assim a aglomera\u00e7\u00e3o de pessoas nesses locais e a consequente prolifera\u00e7\u00e3o da doen\u00e7a entre os mun\u00edcipes. Essa \u00e9 mais uma medida administrativa da gest\u00e3o municipal que vem se somar ao decreto do dia 17 de mar\u00e7o nesse sentido.<\/p>\n\n\n\n<p><\/p>\n","protected":false},"excerpt":{"rendered":"<p>O prefeito \u00c9den Duarte mant\u00e9m firme o seu compromisso com os rumos da economia do munic\u00edpio e antecipou o pagamento dos servidores da Prefeitura de&hellip; <\/p>\n","protected":false},"author":2,"featured_media":159890,"comment_status":"closed","ping_status":"closed","sticky":false,"template":"","format":"standard","meta":{"sfsi_plus_gutenberg_text_before_share":"","sfsi_plus_gutenberg_show_text_before_share":"","sfsi_plus_gutenberg_icon_type":"","sfsi_plus_gutenberg_icon_alignemt":"","sfsi_plus_gutenburg_max_per_row":"","footnotes":""},"categories":[50,2],"tags":[],"class_list":["post-159889","post","type-post","status-publish","format-standard","has-post-thumbnail","hentry","category-destaque","category-geral"],"_links":{"self":[{"href":"https:\/\/www.caririemacao.com\/1\/wp-json\/wp\/v2\/posts\/159889","targetHints":{"allow":["GET"]}}],"collection":[{"href":"https:\/\/www.caririemacao.com\/1\/wp-json\/wp\/v2\/posts"}],"about":[{"href":"https:\/\/www.caririemacao.com\/1\/wp-json\/wp\/v2\/types\/post"}],"author":[{"embeddable":true,"href":"https:\/\/www.caririemacao.com\/1\/wp-json\/wp\/v2\/users\/2"}],"replies":[{"embeddable":true,"href":"https:\/\/www.caririemacao.com\/1\/wp-json\/wp\/v2\/comments?post=159889"}],"version-history":[{"count":1,"href":"https:\/\/www.caririemacao.com\/1\/wp-json\/wp\/v2\/posts\/159889\/revisions"}],"predecessor-version":[{"id":159891,"href":"https:\/\/www.caririemacao.com\/1\/wp-json\/wp\/v2\/posts\/159889\/revisions\/159891"}],"wp:featuredmedia":[{"embeddable":true,"href":"https:\/\/www.caririemacao.com\/1\/wp-json\/wp\/v2\/media\/159890"}],"wp:attachment":[{"href":"https:\/\/www.caririemacao.com\/1\/wp-json\/wp\/v2\/media?parent=159889"}],"wp:term":[{"taxonomy":"category","embeddable":true,"href":"https:\/\/www.caririemacao.com\/1\/wp-json\/wp\/v2\/categories?post=159889"},{"taxonomy":"post_tag","embeddable":true,"href":"https:\/\/www.caririemacao.com\/1\/wp-json\/wp\/v2\/tags?post=159889"}],"curies":[{"name":"wp","href":"https:\/\/api.w.org\/{rel}","templated":true}]}}