{"id":159893,"date":"2020-03-24T08:29:23","date_gmt":"2020-03-24T11:29:23","guid":{"rendered":"http:\/\/www.caririemacao.com\/1\/?p=159893"},"modified":"2020-03-24T08:29:25","modified_gmt":"2020-03-24T11:29:25","slug":"uefa-adia-finais-da-liga-dos-campeoes-e-da-liga-europa","status":"publish","type":"post","link":"https:\/\/www.caririemacao.com\/1\/2020\/03\/24\/uefa-adia-finais-da-liga-dos-campeoes-e-da-liga-europa\/","title":{"rendered":"Uefa adia finais da Liga dos Campe\u00f5es e da Liga Europa"},"content":{"rendered":"\n<p>Em um comunicado divulgado em sua p\u00e1gina oficial, a Uefa (principal entidade de clubes da Europa) confirmou, na tarde desta segunda-feira (23), o adiamento das finais das Ligas dos Campe\u00f5es masculina e feminina e da Liga Europa.<\/p>\n\n\n\n<p>A decis\u00e3o foi tomada por conta da grave pandemia do novo coronav\u00edrus na Europa. No documento, a Uefa ressaltou que nenhuma decis\u00e3o sobre poss\u00edveis datas foi tomada ainda, mas que um grupo criado na semana passada em conjunto com outras organiza\u00e7\u00f5es (ligas europeias, FIFPro Europa e Associa\u00e7\u00e3o dos Clubes Europeus) est\u00e1 analisando as op\u00e7\u00f5es vi\u00e1veis.<\/p>\n\n\n\n<p>H\u00e1 a possibilidade de os quatro semifinalistas decidirem os duelos em jogo \u00fanico, assim como a final. A sede seria em Istambul (Turquia), palco pr\u00e9-determinado para a decis\u00e3o deste ano. O mesmo aconteceria na Liga Europa, por\u00e9m em Gdansk (Pol\u00f4nia). Originalmente, a final da Liga dos Campe\u00f5es aconteceria no dia 30 de maio, em Istambul (Turquia). A decis\u00e3o da Liga dos Campe\u00f5es feminina seria em 24 de maio, em Viena (\u00c1ustria). E a Liga Europa seria decidida em 27 de maio, em Gdansk (Pol\u00f4nia).<\/p>\n","protected":false},"excerpt":{"rendered":"<p>Em um comunicado divulgado em sua p\u00e1gina oficial, a Uefa (principal entidade de clubes da Europa) confirmou, na tarde desta segunda-feira (23), o adiamento das&hellip; <\/p>\n","protected":false},"author":2,"featured_media":159894,"comment_status":"closed","ping_status":"closed","sticky":false,"template":"","format":"standard","meta":{"sfsi_plus_gutenberg_text_before_share":"","sfsi_plus_gutenberg_show_text_before_share":"","sfsi_plus_gutenberg_icon_type":"","sfsi_plus_gutenberg_icon_alignemt":"","sfsi_plus_gutenburg_max_per_row":"","footnotes":""},"categories":[2],"tags":[],"class_list":["post-159893","post","type-post","status-publish","format-standard","has-post-thumbnail","hentry","category-geral"],"_links":{"self":[{"href":"https:\/\/www.caririemacao.com\/1\/wp-json\/wp\/v2\/posts\/159893","targetHints":{"allow":["GET"]}}],"collection":[{"href":"https:\/\/www.caririemacao.com\/1\/wp-json\/wp\/v2\/posts"}],"about":[{"href":"https:\/\/www.caririemacao.com\/1\/wp-json\/wp\/v2\/types\/post"}],"author":[{"embeddable":true,"href":"https:\/\/www.caririemacao.com\/1\/wp-json\/wp\/v2\/users\/2"}],"replies":[{"embeddable":true,"href":"https:\/\/www.caririemacao.com\/1\/wp-json\/wp\/v2\/comments?post=159893"}],"version-history":[{"count":1,"href":"https:\/\/www.caririemacao.com\/1\/wp-json\/wp\/v2\/posts\/159893\/revisions"}],"predecessor-version":[{"id":159895,"href":"https:\/\/www.caririemacao.com\/1\/wp-json\/wp\/v2\/posts\/159893\/revisions\/159895"}],"wp:featuredmedia":[{"embeddable":true,"href":"https:\/\/www.caririemacao.com\/1\/wp-json\/wp\/v2\/media\/159894"}],"wp:attachment":[{"href":"https:\/\/www.caririemacao.com\/1\/wp-json\/wp\/v2\/media?parent=159893"}],"wp:term":[{"taxonomy":"category","embeddable":true,"href":"https:\/\/www.caririemacao.com\/1\/wp-json\/wp\/v2\/categories?post=159893"},{"taxonomy":"post_tag","embeddable":true,"href":"https:\/\/www.caririemacao.com\/1\/wp-json\/wp\/v2\/tags?post=159893"}],"curies":[{"name":"wp","href":"https:\/\/api.w.org\/{rel}","templated":true}]}}