{"id":159897,"date":"2020-03-24T08:32:28","date_gmt":"2020-03-24T11:32:28","guid":{"rendered":"http:\/\/www.caririemacao.com\/1\/?p=159897"},"modified":"2020-03-24T08:32:30","modified_gmt":"2020-03-24T11:32:30","slug":"rosa-weber-diz-que-debate-sobre-adiamento-de-eleicoes-e-precoce","status":"publish","type":"post","link":"https:\/\/www.caririemacao.com\/1\/2020\/03\/24\/rosa-weber-diz-que-debate-sobre-adiamento-de-eleicoes-e-precoce\/","title":{"rendered":"Rosa Weber diz que debate sobre adiamento de elei\u00e7\u00f5es \u00e9 precoce"},"content":{"rendered":"\n<p>A presidente do Tribunal Superior Eleitoral (TSE), ministra Rosa Weber, disse hoje (23) que a discuss\u00e3o sobre o adiamento das elei\u00e7\u00f5es municipais de outubro \u00e9 \u201cprecoce\u201d. Em nota \u00e0 imprensa, a ministra se manifestou pela primeira vez ap\u00f3s pol\u00edticos defenderem o adiamento do pleito devido \u00e0 pandemia do novo coronav\u00edrus.&nbsp;<\/p>\n\n\n\n<p>Rosa Weber lembrou que na semana passada o plen\u00e1rio do T<a href=\"https:\/\/agenciabrasil.ebc.com.br\/politica\/noticia\/2020-03\/tse-diz-que-nao-pode-alterar-calendario-eleitoral\" target=\"_blank\" rel=\"noreferrer noopener\">SE rejeitou pedido para adiar datas dos procedimentos preparat\u00f3rios das elei\u00e7\u00f5es<\/a>. No entanto, a presidente disse que \u201ca evolu\u00e7\u00e3o di\u00e1ria do quadro f\u00e1tico est\u00e1 a exigir permanente reavalia\u00e7\u00e3o das provid\u00eancias\u201d.<\/p>\n\n\n\n<blockquote class=\"wp-block-quote is-layout-flow wp-block-quote-is-layout-flow\"><p>\u201cQuanto ao adiamento das elei\u00e7\u00f5es municipais 2020, entendo cuidar-se de debate precoce, n\u00e3o sendo demais repisar que tem como objeto mat\u00e9ria prevista expressamente no texto constitucional e na legisla\u00e7\u00e3o infraconstitucional\u201d, afirmou.&nbsp;<\/p><\/blockquote>\n\n\n\n<p>No \u00faltimo fim de semana, a hip\u00f3tese foi levantada pelo ministro da Sa\u00fade, Luiz Henrique Mandetta, para evitar medidas eleitoreiras de combate ao novo coronav\u00edrus. Outros pol\u00edticos tamb\u00e9m se manifestaram a favor do adiamento, mas o presidente da C\u00e2mara dos Deputados, Rodrigo Maia, disse que n\u00e3o \u00e9 o momento correto para discutir o adiamento.&nbsp;<\/p>\n","protected":false},"excerpt":{"rendered":"<p>A presidente do Tribunal Superior Eleitoral (TSE), ministra Rosa Weber, disse hoje (23) que a discuss\u00e3o sobre o adiamento das elei\u00e7\u00f5es municipais de outubro \u00e9&hellip; <\/p>\n","protected":false},"author":2,"featured_media":159898,"comment_status":"closed","ping_status":"closed","sticky":false,"template":"","format":"standard","meta":{"sfsi_plus_gutenberg_text_before_share":"","sfsi_plus_gutenberg_show_text_before_share":"","sfsi_plus_gutenberg_icon_type":"","sfsi_plus_gutenberg_icon_alignemt":"","sfsi_plus_gutenburg_max_per_row":"","footnotes":""},"categories":[2],"tags":[],"class_list":["post-159897","post","type-post","status-publish","format-standard","has-post-thumbnail","hentry","category-geral"],"_links":{"self":[{"href":"https:\/\/www.caririemacao.com\/1\/wp-json\/wp\/v2\/posts\/159897","targetHints":{"allow":["GET"]}}],"collection":[{"href":"https:\/\/www.caririemacao.com\/1\/wp-json\/wp\/v2\/posts"}],"about":[{"href":"https:\/\/www.caririemacao.com\/1\/wp-json\/wp\/v2\/types\/post"}],"author":[{"embeddable":true,"href":"https:\/\/www.caririemacao.com\/1\/wp-json\/wp\/v2\/users\/2"}],"replies":[{"embeddable":true,"href":"https:\/\/www.caririemacao.com\/1\/wp-json\/wp\/v2\/comments?post=159897"}],"version-history":[{"count":1,"href":"https:\/\/www.caririemacao.com\/1\/wp-json\/wp\/v2\/posts\/159897\/revisions"}],"predecessor-version":[{"id":159899,"href":"https:\/\/www.caririemacao.com\/1\/wp-json\/wp\/v2\/posts\/159897\/revisions\/159899"}],"wp:featuredmedia":[{"embeddable":true,"href":"https:\/\/www.caririemacao.com\/1\/wp-json\/wp\/v2\/media\/159898"}],"wp:attachment":[{"href":"https:\/\/www.caririemacao.com\/1\/wp-json\/wp\/v2\/media?parent=159897"}],"wp:term":[{"taxonomy":"category","embeddable":true,"href":"https:\/\/www.caririemacao.com\/1\/wp-json\/wp\/v2\/categories?post=159897"},{"taxonomy":"post_tag","embeddable":true,"href":"https:\/\/www.caririemacao.com\/1\/wp-json\/wp\/v2\/tags?post=159897"}],"curies":[{"name":"wp","href":"https:\/\/api.w.org\/{rel}","templated":true}]}}