{"id":159901,"date":"2020-03-24T08:33:58","date_gmt":"2020-03-24T11:33:58","guid":{"rendered":"http:\/\/www.caririemacao.com\/1\/?p=159901"},"modified":"2020-03-24T08:33:59","modified_gmt":"2020-03-24T11:33:59","slug":"teste-de-coronavirus-do-medico-david-uip-da-positivo","status":"publish","type":"post","link":"https:\/\/www.caririemacao.com\/1\/2020\/03\/24\/teste-de-coronavirus-do-medico-david-uip-da-positivo\/","title":{"rendered":"Teste de coronav\u00edrus do m\u00e9dico David Uip d\u00e1 positivo"},"content":{"rendered":"\n<p>O governo de S\u00e3o Paulo confirmou nesta segunda-feira (23) que o teste para coronav\u00edrus do coordenador do centro de conting\u00eancia contra a doen\u00e7a em SP, o m\u00e9dico David Uip, deu positivo. A informa\u00e7\u00e3o foi dada pelo pr\u00f3prio governador do estado, Jo\u00e3o Doria, em suas redes sociais. O exame foi feito no hospital S\u00edrio-Liban\u00eas, na capital paulista, na tarde de hoje.<\/p>\n\n\n\n<p>Nos \u00faltimos dias, Uip participava diariamente das entrevistas coletivas realizadas no Pal\u00e1cio dos Bandeirantes por autoridades paulistas sobre a\u00e7\u00f5es contra a dissemina\u00e7\u00e3o do v\u00edrus no estado. Entre outras autoridades, al\u00e9m de Uip, participavam das entrevistas o governador, o prefeito de S\u00e3o Paulo, Bruno Covas, e o secret\u00e1rio de Sa\u00fade do estado, Jos\u00e9 Henrique Germann Ferreira.&nbsp;<\/p>\n\n\n\n<p>Em v\u00eddeo divulgado nas redes sociais \u00e0 tarde, Uip disse que decidiu fazer o teste porque acordou na manh\u00e3 de hoje com febre baixa e com tosse. Ele ressaltou que estava se sentindo bem e, caso o teste desse positivo, seguiria o protocolo para esses casos, ficando isolado em casa.<\/p>\n\n\n\n<p>O governador do estado, Jo\u00e3o Doria, confirmou que ir\u00e1 realizar o teste do coronav\u00edrus em raz\u00e3o de ter estado em contato com o m\u00e9dico.<\/p>\n\n\n\n<p>Em nota, a prefeitura de S\u00e3o Paulo disse que o prefeito Bruno Covas, seguindo orienta\u00e7\u00e3o da sua equipe m\u00e9dica, vai se submeter ao teste e ficar\u00e1 isolado, trabalhando em seu gabinete, at\u00e9 que o resultado seja publicado. O prefeito passa por tratamento contra um c\u00e2ncer.<\/p>\n\n\n\n<figure class=\"wp-block-image\"><a href=\"https:\/\/twitter.com\/jdoriajr\"><img decoding=\"async\" data-src=\"https:\/\/pbs.twimg.com\/profile_images\/1235004196426043392\/EFCdEEoK_bigger.jpg\" alt=\"\" src=\"data:image\/svg+xml;base64,PHN2ZyB3aWR0aD0iMSIgaGVpZ2h0PSIxIiB4bWxucz0iaHR0cDovL3d3dy53My5vcmcvMjAwMC9zdmciPjwvc3ZnPg==\" class=\"lazyload\" \/><\/a><\/figure>\n\n\n\n<p><a href=\"https:\/\/twitter.com\/jdoriajr\"><strong>Jo\u00e3o Doria<\/strong><strong>&#x2714;<\/strong>@jdoriajr<\/a><a href=\"https:\/\/twitter.com\/jdoriajr\/status\/1242200215098195974\"><\/a><\/p>\n\n\n\n<p>Informo que o resultado do exame do Dr Davi Uip, Coordenador do Centro de Conting\u00eancia do Coronav\u00edrus, deu positivo para COVID-19. Ele est\u00e1 isolado, passa bem e permanecer\u00e1 em sua resid\u00eancia. H\u00e1 pouco me submeti ao teste e, assim que obtiver o resultado, divulgarei.<a href=\"https:\/\/twitter.com\/intent\/like?tweet_id=1242200215098195974\">5,645<\/a><a href=\"https:\/\/twitter.com\/jdoriajr\/status\/1242200215098195974\">6:23 PM &#8211; Mar 23, 2020<\/a><a href=\"https:\/\/support.twitter.com\/articles\/20175256\">Twitter Ads info and privacy<\/a><a href=\"https:\/\/twitter.com\/jdoriajr\/status\/1242200215098195974\"><br><\/a><\/p>\n","protected":false},"excerpt":{"rendered":"<p>O governo de S\u00e3o Paulo confirmou nesta segunda-feira (23) que o teste para coronav\u00edrus do coordenador do centro de conting\u00eancia contra a doen\u00e7a em SP,&hellip; <\/p>\n","protected":false},"author":2,"featured_media":159902,"comment_status":"closed","ping_status":"closed","sticky":false,"template":"","format":"standard","meta":{"sfsi_plus_gutenberg_text_before_share":"","sfsi_plus_gutenberg_show_text_before_share":"","sfsi_plus_gutenberg_icon_type":"","sfsi_plus_gutenberg_icon_alignemt":"","sfsi_plus_gutenburg_max_per_row":"","footnotes":""},"categories":[2],"tags":[],"class_list":["post-159901","post","type-post","status-publish","format-standard","has-post-thumbnail","hentry","category-geral"],"_links":{"self":[{"href":"https:\/\/www.caririemacao.com\/1\/wp-json\/wp\/v2\/posts\/159901","targetHints":{"allow":["GET"]}}],"collection":[{"href":"https:\/\/www.caririemacao.com\/1\/wp-json\/wp\/v2\/posts"}],"about":[{"href":"https:\/\/www.caririemacao.com\/1\/wp-json\/wp\/v2\/types\/post"}],"author":[{"embeddable":true,"href":"https:\/\/www.caririemacao.com\/1\/wp-json\/wp\/v2\/users\/2"}],"replies":[{"embeddable":true,"href":"https:\/\/www.caririemacao.com\/1\/wp-json\/wp\/v2\/comments?post=159901"}],"version-history":[{"count":1,"href":"https:\/\/www.caririemacao.com\/1\/wp-json\/wp\/v2\/posts\/159901\/revisions"}],"predecessor-version":[{"id":159903,"href":"https:\/\/www.caririemacao.com\/1\/wp-json\/wp\/v2\/posts\/159901\/revisions\/159903"}],"wp:featuredmedia":[{"embeddable":true,"href":"https:\/\/www.caririemacao.com\/1\/wp-json\/wp\/v2\/media\/159902"}],"wp:attachment":[{"href":"https:\/\/www.caririemacao.com\/1\/wp-json\/wp\/v2\/media?parent=159901"}],"wp:term":[{"taxonomy":"category","embeddable":true,"href":"https:\/\/www.caririemacao.com\/1\/wp-json\/wp\/v2\/categories?post=159901"},{"taxonomy":"post_tag","embeddable":true,"href":"https:\/\/www.caririemacao.com\/1\/wp-json\/wp\/v2\/tags?post=159901"}],"curies":[{"name":"wp","href":"https:\/\/api.w.org\/{rel}","templated":true}]}}