{"id":159907,"date":"2020-03-24T09:20:17","date_gmt":"2020-03-24T12:20:17","guid":{"rendered":"http:\/\/www.caririemacao.com\/1\/?p=159907"},"modified":"2020-03-24T09:20:18","modified_gmt":"2020-03-24T12:20:18","slug":"monteiro-prefeitura-divulga-balanco-de-acoes-contra-o-coronavirus","status":"publish","type":"post","link":"https:\/\/www.caririemacao.com\/1\/2020\/03\/24\/monteiro-prefeitura-divulga-balanco-de-acoes-contra-o-coronavirus\/","title":{"rendered":"Monteiro: Prefeitura divulga balan\u00e7o de a\u00e7\u00f5es contra o Coronav\u00edrus"},"content":{"rendered":"\n<p>O Brasil inteiro vem adotando as ferramentas de classifica\u00e7\u00e3o de emerg\u00eancia &nbsp;para o Covid-19, Coronav\u00edrus, em tr\u00eas n\u00edveis, seguindo a mesma linha utilizada globalmente na prepara\u00e7\u00e3o e resposta em todo o mundo. Deste modo, a Secretaria de Sa\u00fade do Munic\u00edpio de Monteiro vem pondo em pr\u00e1tica o plano de conting\u00eancia e medidas de resposta a popula\u00e7\u00e3o.<\/p>\n\n\n\n<p>Este plano de conting\u00eancia \u00e9 composto por tr\u00eas n\u00edveis de resposta: Alerta, Perigo Iminente e Emerg\u00eancia em Sa\u00fade P\u00fablica. Cada n\u00edvel \u00e9 baseado na avalia\u00e7\u00e3o do risco do novo Coronav\u00edrus afetar o munic\u00edpio.<\/p>\n\n\n\n<p>O plano municipal de conting\u00eancia municipal tem observado e trabalhado as seguintes quest\u00f5es: Transmissibilidade da doen\u00e7a entre reservat\u00f3rios para humanos ou de humano para humano, capacidade de sustentar o n\u00edvel da comunidade e surtos; &nbsp; Propaga\u00e7\u00e3o geogr\u00e1fica do novo coronav\u00edrus (COVID-19) &nbsp;e distribui\u00e7\u00e3o global das \u00e1reas afetadas, o volume de com\u00e9rcio e viagens entre as \u00e1reas afetadas e o munic\u00edpio; Gravidade cl\u00ednica da doen\u00e7a, como complica\u00e7\u00f5es graves, interna\u00e7\u00f5es e mortes; &nbsp;Vulnerabilidade da popula\u00e7\u00e3o, incluindo imunidade pr\u00e9-existente, grupos-alvo de maior risco de gravidade da doen\u00e7a; &nbsp; Disponibilidade de medidas preventivas, como vacinas e poss\u00edveis tratamentos; e Recomenda\u00e7\u00f5es da Organiza\u00e7\u00e3o Mundial da Sa\u00fade e evid\u00eancias cient\u00edficas publicadas em revistas cient\u00edficas.<\/p>\n\n\n\n<p>Neste sentido a administra\u00e7\u00e3o municipal acionou todos os meios poss\u00edveis para criar uma barreira contra a doen\u00e7a e o principal modo de transmiss\u00e3o. As equipes de sa\u00fade vem realizando diuturnamente um trabalho de excel\u00eancia, seja nos atendimentos \u00e0 popula\u00e7\u00e3o quanto \u00e0 conscientiza\u00e7\u00e3o dos mun\u00edcipes.<\/p>\n\n\n\n<p>\u201cA principal forma de conten\u00e7\u00e3o \u00e9 o isolamento social e pedimos que realmente as pessoas permane\u00e7am em seus domic\u00edlios e que as que v\u00eam de outras cidades com casos positivos do coronav\u00edrus fiquem em quarentena por 14 dias\u201d, comenta a secret\u00e1ria de Sa\u00fade, Paula Oliveira. &nbsp;<\/p>\n\n\n\n<p>Com rela\u00e7\u00e3o ao recebimento dos pacientes, a secret\u00e1ria informa que as Unidades de Sa\u00fade da Fam\u00edlia est\u00e3o preparados para receber os casos leves e para tomar as medidas necess\u00e1rias. J\u00e1 na UPA-24h, s\u00e3o feitos os atendimentos intermedi\u00e1rios e a unidade conta com leitos com respirador. O Hospital Regional Santa Filomena conta com 20 leitos com ventiladores para casos graves.<\/p>\n\n\n\n<p>\u201cRecebemos tr\u00eas usu\u00e1rios no Hospital Regional de Monteiro onde foram coletadas as amostras e duas pessoas est\u00e3o em isolamento familiar. J\u00e1 o outro caso em que houve o \u00f3bito, tamb\u00e9m foi colhido o material, mas, provavelmente ser\u00e1 descartado pelo motivo do paciente ter patologias de base. Informamos a popula\u00e7\u00e3o que os resultados demoram um pouco pois s\u00e3o encaminhados para Jo\u00e3o Pessoa, mas que existe uma cobran\u00e7a persistente para que possamos repassar os boletins para a popula\u00e7\u00e3o\u201d, recorda Paula Oliveira.<\/p>\n\n\n\n<p>Vale \u00e0 pena salientar que \u00e9 muito importante seguir todas as orienta\u00e7\u00f5es como lavar as m\u00e3os e usar \u00e1lcool gel. Assim que chegar em casa, tamb\u00e9m realizar todos os procedimentos e higieniza\u00e7\u00f5es.<\/p>\n\n\n\n<p>No munic\u00edpio de Monteiro a popula\u00e7\u00e3o conta ainda com a antecipa\u00e7\u00e3o da Campanha de Vacina\u00e7\u00e3o que teve in\u00edcio na manh\u00e3 desta segunda-feira, 23, onde aos vacinadores percorrem domic\u00edlio a domic\u00edlio para que os idoso n\u00e3o precisem sair de casa e se colocar em risco.<\/p>\n\n\n\n<p>\u201cNeste momento quero destacar a coragem e abnega\u00e7\u00e3o dos nossos profissionais de sa\u00fade. Eles saem de casa para cuidar das nossas fam\u00edlias e este \u00e9 um momento importante onde temos que pensar nestas pessoas. Todas as unidades de sa\u00fade est\u00e3o abertas atendendo servi\u00e7os de urg\u00eancia e ainda recomendamos o isolamento social que \u00e9 o m\u00e9todo mais eficaz contra a doen\u00e7a. Aqui deixo como cidad\u00e3, como gestora, como m\u00e3e, enfim como cada monteirense, a gratid\u00e3o pela imensur\u00e1vel import\u00e2ncia desse trabalho\u201d, disse a prefeita Anna Lorena.<\/p>\n\n\n\n<p>Segundo informa\u00e7\u00f5es da secret\u00e1ria da pasta, o pico da doen\u00e7a acontecer\u00e1 entre abril e maio e&nbsp;caso n\u00e3o haja a colabora\u00e7\u00e3o da popula\u00e7\u00e3o, \u00e9 poss\u00edvel que haja um colapso no sistema de sa\u00fade.<\/p>\n\n\n\n<p>\u201cQuando precisarem sair, tomem o devido distanciamento onde o com\u00e9rcio \u00e9 em local fechado. Temos que ter a consci\u00eancia que 80% dos casos apresentam sintomas leves e 20% apresentam sintomas moderados a graves. Lavem as m\u00e3os que \u00e9 a a\u00e7\u00e3o mais indicada para a prote\u00e7\u00e3o,assim como a limpeza de superf\u00edcies na casa. Saibam que todos os profissionais de sa\u00fade est\u00e3o engajados para que a popula\u00e7\u00e3o seja o menos atingida poss\u00edvel. Oramos a Deus para que n\u00e3o aconte\u00e7am casos, mas de toda forma informaremos sempre a popula\u00e7\u00e3o conforme os resultados cheguem\u201d, finaliza Paula Oliveira.<\/p>\n\n\n\n<p>Do(a)\u00a0Secom &#8211; PMM\u00a0<\/p>\n","protected":false},"excerpt":{"rendered":"<p>O Brasil inteiro vem adotando as ferramentas de classifica\u00e7\u00e3o de emerg\u00eancia &nbsp;para o Covid-19, Coronav\u00edrus, em tr\u00eas n\u00edveis, seguindo a mesma linha utilizada globalmente na&hellip; <\/p>\n","protected":false},"author":1,"featured_media":159908,"comment_status":"closed","ping_status":"closed","sticky":false,"template":"","format":"standard","meta":{"sfsi_plus_gutenberg_text_before_share":"","sfsi_plus_gutenberg_show_text_before_share":"","sfsi_plus_gutenberg_icon_type":"","sfsi_plus_gutenberg_icon_alignemt":"","sfsi_plus_gutenburg_max_per_row":"","footnotes":""},"categories":[6,50,16],"tags":[],"class_list":["post-159907","post","type-post","status-publish","format-standard","has-post-thumbnail","hentry","category-cidades","category-destaque","category-saude"],"_links":{"self":[{"href":"https:\/\/www.caririemacao.com\/1\/wp-json\/wp\/v2\/posts\/159907","targetHints":{"allow":["GET"]}}],"collection":[{"href":"https:\/\/www.caririemacao.com\/1\/wp-json\/wp\/v2\/posts"}],"about":[{"href":"https:\/\/www.caririemacao.com\/1\/wp-json\/wp\/v2\/types\/post"}],"author":[{"embeddable":true,"href":"https:\/\/www.caririemacao.com\/1\/wp-json\/wp\/v2\/users\/1"}],"replies":[{"embeddable":true,"href":"https:\/\/www.caririemacao.com\/1\/wp-json\/wp\/v2\/comments?post=159907"}],"version-history":[{"count":1,"href":"https:\/\/www.caririemacao.com\/1\/wp-json\/wp\/v2\/posts\/159907\/revisions"}],"predecessor-version":[{"id":159909,"href":"https:\/\/www.caririemacao.com\/1\/wp-json\/wp\/v2\/posts\/159907\/revisions\/159909"}],"wp:featuredmedia":[{"embeddable":true,"href":"https:\/\/www.caririemacao.com\/1\/wp-json\/wp\/v2\/media\/159908"}],"wp:attachment":[{"href":"https:\/\/www.caririemacao.com\/1\/wp-json\/wp\/v2\/media?parent=159907"}],"wp:term":[{"taxonomy":"category","embeddable":true,"href":"https:\/\/www.caririemacao.com\/1\/wp-json\/wp\/v2\/categories?post=159907"},{"taxonomy":"post_tag","embeddable":true,"href":"https:\/\/www.caririemacao.com\/1\/wp-json\/wp\/v2\/tags?post=159907"}],"curies":[{"name":"wp","href":"https:\/\/api.w.org\/{rel}","templated":true}]}}