{"id":159918,"date":"2020-03-24T09:34:10","date_gmt":"2020-03-24T12:34:10","guid":{"rendered":"http:\/\/www.caririemacao.com\/1\/?p=159918"},"modified":"2020-03-24T09:34:12","modified_gmt":"2020-03-24T12:34:12","slug":"buscas-por-seguro-desemprego-tomam-conta-das-pesquisas-na-internet","status":"publish","type":"post","link":"https:\/\/www.caririemacao.com\/1\/2020\/03\/24\/buscas-por-seguro-desemprego-tomam-conta-das-pesquisas-na-internet\/","title":{"rendered":"Buscas por seguro-desemprego tomam conta das pesquisas na internet"},"content":{"rendered":"\n<p>Na esteira da publica\u00e7\u00e3o da MP (medida provis\u00f3ria) que flexibiliza as regras trabalhistas e das restri\u00e7\u00f5es ao funcionamento do com\u00e9rcio e servi\u00e7os em meio \u00e0 crise do coronav\u00edrus, explodiram as buscas no Google pelos termos desemprego e seguro-desemprego.<\/p>\n\n\n\n<p>O levantamento, feito pela empresa a pedido da reportagem, mostra que o interesse pelo assunto cresce desde a sexta (13).<\/p>\n\n\n\n<p>Para medir a intensidade das pesquisas, os dados foram organizados em uma escala de 0 a 100, em que 100 representa o interesse m\u00e1ximo de busca. O Google n\u00e3o divulga os n\u00fameros absolutos de pesquisas feitas.<\/p>\n\n\n\n<p>De modo a evitar distor\u00e7\u00f5es, foram exclu\u00eddos s\u00e1bados e domingos, quando as buscas caem consideravelmente.<\/p>\n\n\n\n<p>Nesta segunda, o \u00edndice registrou 100 para os dois termos, ponto mais alto considerando os \u00faltimos 12 meses. Para efeito de compara\u00e7\u00e3o, a m\u00e9dia desde mar\u00e7o de 2019, descontada a \u00faltima semana, era 45 para a palavra desemprego e 55 para seguro-desemprego.<\/p>\n\n\n\n<p>Na noite deste domingo (22), o presidente Jair Bolsonaro (sem partido) publicou medida provis\u00f3ria que, dentre outros pontos, autorizava a suspens\u00e3o do contrato de trabalho por at\u00e9 quatro meses.<\/p>\n\n\n\n<p>No per\u00edodo, o empregado deixaria de trabalhar e n\u00e3o receberia sal\u00e1rio. A empresa seria obrigada a oferecer curso de qualifica\u00e7\u00e3o online ao trabalhador e a manter benef\u00edcios, como plano de sa\u00fade.<\/p>\n\n\n\n<p>O presidente da C\u00e2mara, Rodrigo Maia (DEM), criticou a MP, e l\u00edderes do Congresso cogitaram devolv\u00ea-la. Na tarde desta segunda, por\u00e9m, Bolsonaro recuou e anunciou em rede social que revogaria o trecho que permitia a suspens\u00e3o dos contratos.<\/p>\n\n\n\n<p>O governo deve enviar outra MP, anunciada na semana passada, que permite o corte de jornadas e sal\u00e1rios em at\u00e9 50% durante a crise.<\/p>\n\n\n\n<p>As buscas no Google se intensificaram ao passo que prefeitos e governadores anunciaram o fechamento do com\u00e9rcio e de servi\u00e7os n\u00e3o essenciais, como academias, shoppings e bares. As proibi\u00e7\u00f5es visam conter o avan\u00e7o da epidemia no pa\u00eds, que somava 1.891 casos e 34 mortes na tarde desta segunda.<\/p>\n\n\n\n<p>No dia 18, quando o interesse pela pesquisa por seguro-desemprego registrou \u00edndice 73, o governador de S\u00e3o Paulo, Jo\u00e3o Doria (PSDB), estabeleceu que os shoppings da regi\u00e3o metropolitana fossem fechados a partir desta segunda (23).<\/p>\n\n\n\n<p>No mesmo dia, o prefeito da capital, Bruno Covas (PSDB), determinou o fechamento, a partir da sexta (20), de todo o com\u00e9rcio \u2013a exce\u00e7\u00e3o de servi\u00e7os essenciais, como farm\u00e1cias e supermercados. Posteriormente, as restri\u00e7\u00f5es foram estendidas por Doria para todo o estado.<\/p>\n\n\n\n<p>No dia 19, quando a intensidade das pesquisas por seguro-desemprego saltou para 83, o governador do Rio de Janeiro, Wilson Witzel (PSC) proibiu o funcionamento de bares e restaurantes e a circula\u00e7\u00e3o nas praias a partir do s\u00e1bado (21).<\/p>\n\n\n\n<p>H\u00e1 restri\u00e7\u00f5es em diversos outros estados, como Amazonas, Rio Grande do Sul, Minas Gerais e Pernambuco.<\/p>\n\n\n\n<p>No Twitter, desde o dia 11, foram publicados mais de 1.300 posts com a frase \u201cfui demitido\u201d ou \u201cfui demitida\u201d. Os pontos mais altos foram registrados na quinta (19) e sexta (20), com 211 e 246 posts, respectivamente.<\/p>\n\n\n\n<p>Retu\u00edtes e m\u00faltiplos tu\u00edtes de um mesmo usu\u00e1rio foram exclu\u00eddos do levantamento.<\/p>\n\n\n\n<p>Na rede, usu\u00e1rios que relataram ter perdido o emprego levantaram d\u00favidas sobre como conseguiriam ter acesso ao seguro-desemprego, uma vez que os postos de servi\u00e7o est\u00e3o fechados.<\/p>\n\n\n\n<p>A solicita\u00e7\u00e3o do benef\u00edcio, contudo, pode ser feita online, pelo portal Emprega Brasil (<a href=\"http:\/\/empregabrasil.mte.gov.br\/\" target=\"_blank\" rel=\"noreferrer noopener\">empregabrasil.mte.gov.br<\/a>), do Minist\u00e9rio da Economia.<\/p>\n\n\n\n<p>Por conta da crise, o governo federal reajustou de 2,1% para 0,02% a proje\u00e7\u00e3o de crescimento do PIB em 2020.<\/p>\n","protected":false},"excerpt":{"rendered":"<p>Na esteira da publica\u00e7\u00e3o da MP (medida provis\u00f3ria) que flexibiliza as regras trabalhistas e das restri\u00e7\u00f5es ao funcionamento do com\u00e9rcio e servi\u00e7os em meio \u00e0&hellip; <\/p>\n","protected":false},"author":2,"featured_media":88201,"comment_status":"closed","ping_status":"closed","sticky":false,"template":"","format":"standard","meta":{"sfsi_plus_gutenberg_text_before_share":"","sfsi_plus_gutenberg_show_text_before_share":"","sfsi_plus_gutenberg_icon_type":"","sfsi_plus_gutenberg_icon_alignemt":"","sfsi_plus_gutenburg_max_per_row":"","footnotes":""},"categories":[2],"tags":[],"class_list":["post-159918","post","type-post","status-publish","format-standard","has-post-thumbnail","hentry","category-geral"],"_links":{"self":[{"href":"https:\/\/www.caririemacao.com\/1\/wp-json\/wp\/v2\/posts\/159918","targetHints":{"allow":["GET"]}}],"collection":[{"href":"https:\/\/www.caririemacao.com\/1\/wp-json\/wp\/v2\/posts"}],"about":[{"href":"https:\/\/www.caririemacao.com\/1\/wp-json\/wp\/v2\/types\/post"}],"author":[{"embeddable":true,"href":"https:\/\/www.caririemacao.com\/1\/wp-json\/wp\/v2\/users\/2"}],"replies":[{"embeddable":true,"href":"https:\/\/www.caririemacao.com\/1\/wp-json\/wp\/v2\/comments?post=159918"}],"version-history":[{"count":1,"href":"https:\/\/www.caririemacao.com\/1\/wp-json\/wp\/v2\/posts\/159918\/revisions"}],"predecessor-version":[{"id":159919,"href":"https:\/\/www.caririemacao.com\/1\/wp-json\/wp\/v2\/posts\/159918\/revisions\/159919"}],"wp:featuredmedia":[{"embeddable":true,"href":"https:\/\/www.caririemacao.com\/1\/wp-json\/wp\/v2\/media\/88201"}],"wp:attachment":[{"href":"https:\/\/www.caririemacao.com\/1\/wp-json\/wp\/v2\/media?parent=159918"}],"wp:term":[{"taxonomy":"category","embeddable":true,"href":"https:\/\/www.caririemacao.com\/1\/wp-json\/wp\/v2\/categories?post=159918"},{"taxonomy":"post_tag","embeddable":true,"href":"https:\/\/www.caririemacao.com\/1\/wp-json\/wp\/v2\/tags?post=159918"}],"curies":[{"name":"wp","href":"https:\/\/api.w.org\/{rel}","templated":true}]}}