{"id":159922,"date":"2020-03-24T09:35:12","date_gmt":"2020-03-24T12:35:12","guid":{"rendered":"http:\/\/www.caririemacao.com\/1\/?p=159922"},"modified":"2020-03-24T09:35:15","modified_gmt":"2020-03-24T12:35:15","slug":"sebrae-orienta-sobre-prorrogacao-do-pagamento-dos-tributos-do-simples-nacional","status":"publish","type":"post","link":"https:\/\/www.caririemacao.com\/1\/2020\/03\/24\/sebrae-orienta-sobre-prorrogacao-do-pagamento-dos-tributos-do-simples-nacional\/","title":{"rendered":"Sebrae orienta sobre prorroga\u00e7\u00e3o do pagamento dos tributos do Simples Nacional"},"content":{"rendered":"\n<p><br>Opagamento dos tributos federais do Simples Nacional foi prorrogado. Desta forma, o acerto referente aos meses de mar\u00e7o, abril e maio deste ano ficou postergado para outubro, novembro e dezembro, respectivamente. Os tributos estaduais e municipais, at\u00e9 o momento, no entanto, ainda n\u00e3o foram contemplados.<\/p>\n\n\n\n<p>O Comit\u00ea Gestor do Simples Nacional iniciou nova vota\u00e7\u00e3o pedindo a aprova\u00e7\u00e3o de Estados e Munic\u00edpios para a inclus\u00e3o do ICMS e do ISS nessa prorroga\u00e7\u00e3o. Por enquanto, orienta-se \u00e0s empresas que em abril, quando forem feitos os c\u00e1lculos dos valores devidos em mar\u00e7o, utilizem uma guia avulsa para pagamento dos tributos de ICMS e ISS, excluindo os de compet\u00eancia federal (IRPJ, IPI, CSLL, PIS, COFINS e CPP).<\/p>\n\n\n\n<p>O mesmo entendimento se estende ao Microempreendedor Individual (MEI), optante do Simples Nacional. Ele ter\u00e1 o diferimento da Contribui\u00e7\u00e3o Previdenci\u00e1ria, n\u00e3o contemplando o ISS ou ICMS.<\/p>\n\n\n\n<figure class=\"wp-block-image\"><img decoding=\"async\" data-src=\"https:\/\/paraibaonline.com.br\/wp-content\/uploads\/2018\/03\/simples2.jpg\" alt=\"Foto: ilustrativa\" class=\"wp-image-270712 lazyload\" src=\"data:image\/svg+xml;base64,PHN2ZyB3aWR0aD0iMSIgaGVpZ2h0PSIxIiB4bWxucz0iaHR0cDovL3d3dy53My5vcmcvMjAwMC9zdmciPjwvc3ZnPg==\" \/><\/figure>\n\n\n\n<p>Foto: Reprodu\u00e7\u00e3o<\/p>\n\n\n\n<p>A prorroga\u00e7\u00e3o vai beneficiar 4,9 milh\u00f5es de empresas optantes pelo Simples Nacional, bem como 9,8 milh\u00f5es de Microempreendedores Individuais, num volume total aproximado de R$ 23 bilh\u00f5es. \u00c9 uma medida fundamental para garantir o funcionamento dos pequenos neg\u00f3cios e manter os empregos nas suas unidades em todo o pa\u00eds.<\/p>\n\n\n\n<p>De acordo com o gerente da unidade de pol\u00edticas p\u00fablicas do Sebrae Para\u00edba, Luciano Holanda, o impacto se observa na disponibilidade de recursos em caixa e capital de giro, nesse momento de enfrentamento da crise ocasionada pela pandemia.<\/p>\n\n\n\n<p>Os per\u00edodos de apura\u00e7\u00e3o s\u00e3o mantidos \u2013 mar\u00e7o, abril e maio de 2020. Os efeitos desta medida s\u00e3o aplic\u00e1veis apenas \u00e0s contribui\u00e7\u00f5es correntes, n\u00e3o se estendendo a parcelamentos. As informa\u00e7\u00f5es completas est\u00e3o na Resolu\u00e7\u00e3o n\u00ba 152, de 18 de mar\u00e7o de 2020.<\/p>\n","protected":false},"excerpt":{"rendered":"<p>Opagamento dos tributos federais do Simples Nacional foi prorrogado. Desta forma, o acerto referente aos meses de mar\u00e7o, abril e maio deste ano ficou postergado&hellip; <\/p>\n","protected":false},"author":2,"featured_media":81222,"comment_status":"closed","ping_status":"closed","sticky":false,"template":"","format":"standard","meta":{"sfsi_plus_gutenberg_text_before_share":"","sfsi_plus_gutenberg_show_text_before_share":"","sfsi_plus_gutenberg_icon_type":"","sfsi_plus_gutenberg_icon_alignemt":"","sfsi_plus_gutenburg_max_per_row":"","footnotes":""},"categories":[2],"tags":[],"class_list":["post-159922","post","type-post","status-publish","format-standard","has-post-thumbnail","hentry","category-geral"],"_links":{"self":[{"href":"https:\/\/www.caririemacao.com\/1\/wp-json\/wp\/v2\/posts\/159922","targetHints":{"allow":["GET"]}}],"collection":[{"href":"https:\/\/www.caririemacao.com\/1\/wp-json\/wp\/v2\/posts"}],"about":[{"href":"https:\/\/www.caririemacao.com\/1\/wp-json\/wp\/v2\/types\/post"}],"author":[{"embeddable":true,"href":"https:\/\/www.caririemacao.com\/1\/wp-json\/wp\/v2\/users\/2"}],"replies":[{"embeddable":true,"href":"https:\/\/www.caririemacao.com\/1\/wp-json\/wp\/v2\/comments?post=159922"}],"version-history":[{"count":1,"href":"https:\/\/www.caririemacao.com\/1\/wp-json\/wp\/v2\/posts\/159922\/revisions"}],"predecessor-version":[{"id":159923,"href":"https:\/\/www.caririemacao.com\/1\/wp-json\/wp\/v2\/posts\/159922\/revisions\/159923"}],"wp:featuredmedia":[{"embeddable":true,"href":"https:\/\/www.caririemacao.com\/1\/wp-json\/wp\/v2\/media\/81222"}],"wp:attachment":[{"href":"https:\/\/www.caririemacao.com\/1\/wp-json\/wp\/v2\/media?parent=159922"}],"wp:term":[{"taxonomy":"category","embeddable":true,"href":"https:\/\/www.caririemacao.com\/1\/wp-json\/wp\/v2\/categories?post=159922"},{"taxonomy":"post_tag","embeddable":true,"href":"https:\/\/www.caririemacao.com\/1\/wp-json\/wp\/v2\/tags?post=159922"}],"curies":[{"name":"wp","href":"https:\/\/api.w.org\/{rel}","templated":true}]}}