{"id":159934,"date":"2020-03-24T10:38:11","date_gmt":"2020-03-24T13:38:11","guid":{"rendered":"http:\/\/www.caririemacao.com\/1\/?p=159934"},"modified":"2020-03-24T10:38:13","modified_gmt":"2020-03-24T13:38:13","slug":"olimpiada-de-toquio-e-adiada-para-2021-a-pedido-do-1-ministro-do-japao","status":"publish","type":"post","link":"https:\/\/www.caririemacao.com\/1\/2020\/03\/24\/olimpiada-de-toquio-e-adiada-para-2021-a-pedido-do-1-ministro-do-japao\/","title":{"rendered":"Olimp\u00edada de T\u00f3quio \u00e9 adiada para 2021, a pedido do 1\u00b0 ministro do Jap\u00e3o"},"content":{"rendered":"\n<p>O primeiro-ministro japon\u00eas, Abe Shinzo, confirmou nesta ter\u00e7a-feira (24) que pediu ao Comit\u00ea Ol\u00edmpico Internacional (COI) o adiamento de um ano dos Jogos Ol\u00edmpicos, que estavam programados para o dia 24 de julho. A autoridade esportiva aceitou, e a competi\u00e7\u00e3o foi postergada para 2021.<\/p>\n\n\n\n<p>Abe fez o an\u00fancio a jornalistas depois de uma conversa telef\u00f4nica com o presidente do COI, Thomas Bach. Segundo ele, o COI aceitou o pedido.<\/p>\n\n\n\n<p>O COI, ent\u00e3o, confirmou em um comunicado o adiamento assinado em conjunto com o governo japon\u00eas:<\/p>\n\n\n\n<blockquote class=\"wp-block-quote is-layout-flow wp-block-quote-is-layout-flow\"><p>&#8220;Na circunst\u00e2ncia presente, e baseados na informa\u00e7\u00e3o providenciada pela Organiza\u00e7\u00e3o Mundial da Sa\u00fade, o presidente do COI e o primeiro-ministro do Jap\u00e3o conclu\u00edram que os Jogos da 32\u00aa Olimp\u00edada em T\u00f3quio devem ser reagendados para uma data para al\u00e9m de 2020, mas n\u00e3o depois do ver\u00e3o de 2021, para garantir a sa\u00fade de atletas, todos envolvidos nos Jogos e a comunidade internacional.&#8221;<\/p><\/blockquote>\n\n\n\n<p>As Olimp\u00edadas, portanto, dever\u00e3o ser realizadas em 2021. Mesmo assim, o nome oficial do evento ser\u00e1 T\u00f3quio 2020, de acordo com o governador de T\u00f3quio, Yuriko Koike.<\/p>\n\n\n\n<figure class=\"wp-block-image\"><img decoding=\"async\" data-src=\"https:\/\/s02.video.glbimg.com\/x720\/8426273.jpg\" alt=\"Jap\u00e3o anuncia adiamento de um ano da Olimp\u00edada de T\u00f3quio\" src=\"data:image\/svg+xml;base64,PHN2ZyB3aWR0aD0iMSIgaGVpZ2h0PSIxIiB4bWxucz0iaHR0cDovL3d3dy53My5vcmcvMjAwMC9zdmciPjwvc3ZnPg==\" class=\"lazyload\" \/><\/figure>\n\n\n\n<p>Jap\u00e3o anuncia adiamento de um ano da Olimp\u00edada de T\u00f3quio<\/p>\n\n\n\n<p>Os Jogos Ol\u00edmpicos foram adiados por causa da pandemia do Covid-19, que impactou a organiza\u00e7\u00e3o do evento e tamb\u00e9m a prepara\u00e7\u00e3o dos atletas.<\/p>\n\n\n\n<p>A conversa telef\u00f4nica incluiu, al\u00e9m de Abe e de Bach, o governador de T\u00f3quio, Yuriko Koike, e o l\u00edder da organiza\u00e7\u00e3o dos Jogos, Yoshiro Mori.<\/p>\n\n\n\n<p>Abe pediu para que Bach tomasse uma decis\u00e3o o mais r\u00e1pido poss\u00edvel, segundo a NHK.<\/p>\n\n\n\n<p>Essa \u00e9 a primeira vez, na era moderna, que os Jogos Ol\u00edmpicos s\u00e3o adiados. Eles foram cancelados em tr\u00eas ocasi\u00f5es: 1916, 1940 e 1944, por causa da Primeira e Segunda Guerras mundiais.<\/p>\n\n\n\n<h2 class=\"wp-block-heading\">Press\u00e3o de atletas<\/h2>\n\n\n\n<p>O Comit\u00ea Ol\u00edmpico do Canad\u00e1 havia publicado uma carta na segunda-feira (23) na qual informou que ia boicotar os Jogos Ol\u00edmpicos e Paral\u00edmpicos se eles fossem realizados em 2020. A Austr\u00e1lia tamb\u00e9m informou que n\u00e3o enviaria seus atletas.<\/p>\n\n\n\n<p>Noruega e Gr\u00e3-Bretanha pressionaram o COI e amea\u00e7aram n\u00e3o participar dos Jogos.<\/p>\n\n\n\n<p>Os comit\u00eas do Brasil, Eslov\u00eania, Alemanha haviam pedido o adiamento, assim como as equipes norte-americanas de nata\u00e7\u00e3o e corrida.<\/p>\n\n\n\n<h2 class=\"wp-block-heading\">Eliminat\u00f3rias congeladas<\/h2>\n\n\n\n<p>A maioria (78%) dos atletas era favor\u00e1vel a um adiamento, de acordo com uma pesquisa divulgada pelo &#8220;The New York Times&#8221;.<\/p>\n\n\n\n<p>As medidas de conten\u00e7\u00e3o do coronav\u00edrus, que em muitos pa\u00edses incluem a proibi\u00e7\u00e3o de viagens, interromperam os jogos eliminat\u00f3rios para as Olimp\u00edadas. Muitos dos atletas n\u00e3o podem sair de casa por causa das medidas de isolamentos impostas.<\/p>\n\n\n\n<p>Ainda assim, at\u00e9 o domingo (22), o COI tinha dito que s\u00f3 tomaria uma decis\u00e3o em quatro semanas.<\/p>\n\n\n\n<p>Com G1 PB<\/p>\n","protected":false},"excerpt":{"rendered":"<p>O primeiro-ministro japon\u00eas, Abe Shinzo, confirmou nesta ter\u00e7a-feira (24) que pediu ao Comit\u00ea Ol\u00edmpico Internacional (COI) o adiamento de um ano dos Jogos Ol\u00edmpicos, que&hellip; <\/p>\n","protected":false},"author":1,"featured_media":159937,"comment_status":"closed","ping_status":"closed","sticky":false,"template":"","format":"standard","meta":{"sfsi_plus_gutenberg_text_before_share":"","sfsi_plus_gutenberg_show_text_before_share":"","sfsi_plus_gutenberg_icon_type":"","sfsi_plus_gutenberg_icon_alignemt":"","sfsi_plus_gutenburg_max_per_row":"","footnotes":""},"categories":[50,13],"tags":[],"class_list":["post-159934","post","type-post","status-publish","format-standard","has-post-thumbnail","hentry","category-destaque","category-esportes"],"_links":{"self":[{"href":"https:\/\/www.caririemacao.com\/1\/wp-json\/wp\/v2\/posts\/159934","targetHints":{"allow":["GET"]}}],"collection":[{"href":"https:\/\/www.caririemacao.com\/1\/wp-json\/wp\/v2\/posts"}],"about":[{"href":"https:\/\/www.caririemacao.com\/1\/wp-json\/wp\/v2\/types\/post"}],"author":[{"embeddable":true,"href":"https:\/\/www.caririemacao.com\/1\/wp-json\/wp\/v2\/users\/1"}],"replies":[{"embeddable":true,"href":"https:\/\/www.caririemacao.com\/1\/wp-json\/wp\/v2\/comments?post=159934"}],"version-history":[{"count":1,"href":"https:\/\/www.caririemacao.com\/1\/wp-json\/wp\/v2\/posts\/159934\/revisions"}],"predecessor-version":[{"id":159938,"href":"https:\/\/www.caririemacao.com\/1\/wp-json\/wp\/v2\/posts\/159934\/revisions\/159938"}],"wp:featuredmedia":[{"embeddable":true,"href":"https:\/\/www.caririemacao.com\/1\/wp-json\/wp\/v2\/media\/159937"}],"wp:attachment":[{"href":"https:\/\/www.caririemacao.com\/1\/wp-json\/wp\/v2\/media?parent=159934"}],"wp:term":[{"taxonomy":"category","embeddable":true,"href":"https:\/\/www.caririemacao.com\/1\/wp-json\/wp\/v2\/categories?post=159934"},{"taxonomy":"post_tag","embeddable":true,"href":"https:\/\/www.caririemacao.com\/1\/wp-json\/wp\/v2\/tags?post=159934"}],"curies":[{"name":"wp","href":"https:\/\/api.w.org\/{rel}","templated":true}]}}